{"id":11879,"date":"2025-09-18T00:39:14","date_gmt":"2025-09-18T00:39:14","guid":{"rendered":"https:\/\/jotaposta.com.ar\/?p=11879"},"modified":"2025-09-18T00:39:14","modified_gmt":"2025-09-18T00:39:14","slug":"cecilia-moreau-sorprendio-a-martin-menem-y-abrio-la-sesion-que-termino-con-la-derrota-de-milei-en-diputados","status":"publish","type":"post","link":"https:\/\/jotaposta.com.ar\/jposta\/2025\/09\/18\/cecilia-moreau-sorprendio-a-martin-menem-y-abrio-la-sesion-que-termino-con-la-derrota-de-milei-en-diputados\/","title":{"rendered":"Cecilia Moreau sorprendi\u00f3 a Mart\u00edn Menem y abri\u00f3 la sesi\u00f3n que termin\u00f3 con la derrota de Milei en Diputados"},"content":{"rendered":"\n<p class=\"wp-block-paragraph\">Un ins\u00f3lito episodio marc\u00f3 el inicio de la sesi\u00f3n en la <strong>C\u00e1mara de Diputados<\/strong>: la diputada de <strong>Uni\u00f3n por la Patria (UxP)<\/strong>, <strong>Cecilia Moreau<\/strong>, aprovech\u00f3 la ausencia moment\u00e1nea de <strong>Mart\u00edn Menem<\/strong>, presidente del cuerpo, y tom\u00f3 el estrado para abrir el debate sobre los vetos de <strong>Javier Milei<\/strong> a las leyes de <strong>Emergencia Pedi\u00e1trica en el Hospital Garrahan<\/strong> y de <strong>Financiamiento Universitario<\/strong>.<\/p>\n\n\n\n<figure class=\"wp-block-embed is-type-video is-provider-youtube wp-block-embed-youtube wp-embed-aspect-9-16 wp-has-aspect-ratio\"><div class=\"wp-block-embed__wrapper\">\n<iframe loading=\"lazy\" title=\"\u00a1Tensi\u00f3n en Diputados! La oposici\u00f3n desaf\u00eda los vetos de Milei en una sesi\u00f3n caliente\" width=\"422\" height=\"750\" src=\"https:\/\/www.youtube.com\/embed\/uyMqZhAkCJ0?feature=oembed\" frameborder=\"0\" allow=\"accelerometer; autoplay; clipboard-write; encrypted-media; gyroscope; picture-in-picture; web-share\" referrerpolicy=\"strict-origin-when-cross-origin\" allowfullscreen><\/iframe>\n<\/div><\/figure>\n\n\n\n<p class=\"wp-block-paragraph\">La escena qued\u00f3 registrada en video: Moreau corri\u00f3 desde su banca, ocup\u00f3 la silla presidencial y declar\u00f3 abierto el debate al confirmar el quorum con <strong>132 legisladores presentes<\/strong>, mientras desde la oposici\u00f3n estallaban los aplausos. Minutos despu\u00e9s, Menem regres\u00f3 al recinto, permaneci\u00f3 de pie a un costado hasta que Moreau termin\u00f3 el formalismo, y luego retom\u00f3 su lugar con un saludo cordial.<\/p>\n\n\n\n<p class=\"wp-block-paragraph\">El episodio, ins\u00f3lito y simb\u00f3lico, anticip\u00f3 lo que ser\u00eda una dura derrota para el oficialismo. Con 181 votos a favor, 60 en contra y una abstenci\u00f3n, la C\u00e1mara baja rechaz\u00f3 el veto a la ley de emergencia pedi\u00e1trica. Poco despu\u00e9s, con 174 votos a favor, 67 en contra y 2 abstenciones, tambi\u00e9n fue anulado el veto al financiamiento universitario.<\/p>\n\n\n\n<p class=\"wp-block-paragraph\">Afuera del Congreso, organizaciones sociales, gremios y partidos pol\u00edticos acompa\u00f1aron la jornada en defensa de la salud p\u00fablica y la universidad gratuita. El resultado fue un golpe pol\u00edtico para el Gobierno, que ahora deber\u00e1 enfrentar el mismo desaf\u00edo en el Senado.<\/p>\n","protected":false},"excerpt":{"rendered":"<p>Un ins\u00f3lito episodio marc\u00f3 el inicio de la sesi\u00f3n en la C\u00e1mara de Diputados: la diputada de Uni\u00f3n por la Patria (UxP), Cecilia Moreau, aprovech\u00f3 la ausencia moment\u00e1nea de Mart\u00edn Menem, presidente del cuerpo, y tom\u00f3 el estrado para abrir el debate sobre los vetos de Javier Milei a las leyes de Emergencia Pedi\u00e1trica en &hellip;<\/p>\n","protected":false},"author":1,"featured_media":11880,"comment_status":"open","ping_status":"open","sticky":false,"template":"","format":"standard","meta":{"pagelayer_contact_templates":[],"_pagelayer_content":"","iawp_total_views":6,"footnotes":""},"categories":[4],"tags":[736,737,870,7617,1382,7604,7610,7620,2681,2900,3139,3439,3601,3987,7619,4582,4621,4986,5112,7618,7613,6467,7621,7611,6551],"class_list":["post-11879","post","type-post","status-publish","format-standard","has-post-thumbnail","hentry","category-actualidad-politica","tag-bloque-oficialista","tag-bloque-opositor","tag-camara-de-diputados","tag-cecilia-moreau","tag-congreso","tag-derrota-politica","tag-emergencia-pediatrica","tag-escandalo-congreso","tag-financiamiento-universitario","tag-gobierno-milei","tag-hospital-garrahan","tag-javier-milei","tag-la-libertad-avanza","tag-martin-menem","tag-milei-en-diputados","tag-oficialismo","tag-oposicion","tag-politica-argentina","tag-pro","tag-quorum","tag-sesion-legislativa","tag-union-por-la-patria","tag-universidad-publica","tag-universidades","tag-veto-presidencial"],"_links":{"self":[{"href":"https:\/\/jotaposta.com.ar\/jposta\/wp-json\/wp\/v2\/posts\/11879","targetHints":{"allow":["GET"]}}],"collection":[{"href":"https:\/\/jotaposta.com.ar\/jposta\/wp-json\/wp\/v2\/posts"}],"about":[{"href":"https:\/\/jotaposta.com.ar\/jposta\/wp-json\/wp\/v2\/types\/post"}],"author":[{"embeddable":true,"href":"https:\/\/jotaposta.com.ar\/jposta\/wp-json\/wp\/v2\/users\/1"}],"replies":[{"embeddable":true,"href":"https:\/\/jotaposta.com.ar\/jposta\/wp-json\/wp\/v2\/comments?post=11879"}],"version-history":[{"count":1,"href":"https:\/\/jotaposta.com.ar\/jposta\/wp-json\/wp\/v2\/posts\/11879\/revisions"}],"predecessor-version":[{"id":11881,"href":"https:\/\/jotaposta.com.ar\/jposta\/wp-json\/wp\/v2\/posts\/11879\/revisions\/11881"}],"wp:featuredmedia":[{"embeddable":true,"href":"https:\/\/jotaposta.com.ar\/jposta\/wp-json\/wp\/v2\/media\/11880"}],"wp:attachment":[{"href":"https:\/\/jotaposta.com.ar\/jposta\/wp-json\/wp\/v2\/media?parent=11879"}],"wp:term":[{"taxonomy":"category","embeddable":true,"href":"https:\/\/jotaposta.com.ar\/jposta\/wp-json\/wp\/v2\/categories?post=11879"},{"taxonomy":"post_tag","embeddable":true,"href":"https:\/\/jotaposta.com.ar\/jposta\/wp-json\/wp\/v2\/tags?post=11879"}],"curies":[{"name":"wp","href":"https:\/\/api.w.org\/{rel}","templated":true}]}}