{"id":11826,"date":"2025-09-14T14:30:20","date_gmt":"2025-09-14T14:30:20","guid":{"rendered":"https:\/\/jotaposta.com.ar\/?p=11826"},"modified":"2025-09-14T14:41:33","modified_gmt":"2025-09-14T14:41:33","slug":"javier-milei-cancela-viaje-a-espana-tras-la-derrota-electoral-en-buenos-aires","status":"publish","type":"post","link":"https:\/\/jotaposta.com.ar\/jposta\/2025\/09\/14\/javier-milei-cancela-viaje-a-espana-tras-la-derrota-electoral-en-buenos-aires\/","title":{"rendered":"Javier Milei Cancela Viaje a Espa\u00f1a tras la derrota Electoral en Buenos Aires"},"content":{"rendered":"\n<p class=\"wp-block-paragraph\">Javier Milei cancel\u00f3 su viaje oficial a Espa\u00f1a tras la derrota electoral sufrida en la provincia de Buenos Aires. La medida sorprendi\u00f3 a l\u00edderes internacionales, incluyendo a Santiago Abascal y el partido ultraderechista Vox, con quienes manten\u00eda reuniones programadas.<\/p>\n\n\n\n<figure class=\"wp-block-image size-full\"><img loading=\"lazy\" decoding=\"async\" width=\"880\" height=\"506\" src=\"https:\/\/jotaposta.com.ar\/jposta\/wp-content\/uploads\/2025\/09\/image-57.png\" alt=\"\" class=\"wp-image-11827\" srcset=\"https:\/\/jotaposta.com.ar\/jposta\/wp-content\/uploads\/2025\/09\/image-57.png 880w, https:\/\/jotaposta.com.ar\/jposta\/wp-content\/uploads\/2025\/09\/image-57-300x173.png 300w, https:\/\/jotaposta.com.ar\/jposta\/wp-content\/uploads\/2025\/09\/image-57-768x442.png 768w\" sizes=\"auto, (max-width: 880px) 100vw, 880px\" \/><\/figure>\n\n\n\n<p class=\"wp-block-paragraph\">La derrota electoral refleja cambios en la opini\u00f3n p\u00fablica y genera tensiones dentro de su propio partido, afectando su estrategia de pol\u00edtica internacional y relaciones bilaterales. Analistas destacan que el foco ahora se traslada a la consolidaci\u00f3n del liderazgo interno y la preparaci\u00f3n de futuras campa\u00f1as.<\/p>\n\n\n\n<p class=\"wp-block-paragraph\">Especialistas incluso consideran que esta decisi\u00f3n puede influir en las negociaciones internacionales y en la percepci\u00f3n de Milei como l\u00edder ante organismos globales, mientras medios nacionales e internacionales cubren los movimientos y declaraciones del presidente ante la prensa.<\/p>\n","protected":false},"excerpt":{"rendered":"<p>Javier Milei cancel\u00f3 su viaje oficial a Espa\u00f1a tras la derrota electoral sufrida en la provincia de Buenos Aires. La medida sorprendi\u00f3 a l\u00edderes internacionales, incluyendo a Santiago Abascal y el partido ultraderechista Vox, con quienes manten\u00eda reuniones programadas. La derrota electoral refleja cambios en la opini\u00f3n p\u00fablica y genera tensiones dentro de su propio &hellip;<\/p>\n","protected":false},"author":1,"featured_media":11827,"comment_status":"open","ping_status":"open","sticky":false,"template":"","format":"standard","meta":{"pagelayer_contact_templates":[],"_pagelayer_content":"","iawp_total_views":5,"footnotes":""},"categories":[4],"tags":[800,7418,7419,1788,1931,2150,2170,7417,2896,3439,7421,7420,4986,5000,5064,7415,5483,7413,7414,7416],"class_list":["post-11826","post","type-post","status-publish","format-standard","has-post-thumbnail","hentry","category-actualidad-politica","tag-buenos-aires","tag-campana-politica","tag-conflicto-politico","tag-derrota-electoral","tag-diplomacia","tag-elecciones","tag-elecciones-provinciales","tag-espana","tag-gobierno","tag-javier-milei","tag-noticias","tag-partido-politico","tag-politica-argentina","tag-politica-internacional","tag-prensa-argentina","tag-presidente-argentino","tag-resultados-electorales","tag-ultraderecha","tag-viaje-cancelado","tag-vox"],"_links":{"self":[{"href":"https:\/\/jotaposta.com.ar\/jposta\/wp-json\/wp\/v2\/posts\/11826","targetHints":{"allow":["GET"]}}],"collection":[{"href":"https:\/\/jotaposta.com.ar\/jposta\/wp-json\/wp\/v2\/posts"}],"about":[{"href":"https:\/\/jotaposta.com.ar\/jposta\/wp-json\/wp\/v2\/types\/post"}],"author":[{"embeddable":true,"href":"https:\/\/jotaposta.com.ar\/jposta\/wp-json\/wp\/v2\/users\/1"}],"replies":[{"embeddable":true,"href":"https:\/\/jotaposta.com.ar\/jposta\/wp-json\/wp\/v2\/comments?post=11826"}],"version-history":[{"count":2,"href":"https:\/\/jotaposta.com.ar\/jposta\/wp-json\/wp\/v2\/posts\/11826\/revisions"}],"predecessor-version":[{"id":11835,"href":"https:\/\/jotaposta.com.ar\/jposta\/wp-json\/wp\/v2\/posts\/11826\/revisions\/11835"}],"wp:featuredmedia":[{"embeddable":true,"href":"https:\/\/jotaposta.com.ar\/jposta\/wp-json\/wp\/v2\/media\/11827"}],"wp:attachment":[{"href":"https:\/\/jotaposta.com.ar\/jposta\/wp-json\/wp\/v2\/media?parent=11826"}],"wp:term":[{"taxonomy":"category","embeddable":true,"href":"https:\/\/jotaposta.com.ar\/jposta\/wp-json\/wp\/v2\/categories?post=11826"},{"taxonomy":"post_tag","embeddable":true,"href":"https:\/\/jotaposta.com.ar\/jposta\/wp-json\/wp\/v2\/tags?post=11826"}],"curies":[{"name":"wp","href":"https:\/\/api.w.org\/{rel}","templated":true}]}}