{"id":11813,"date":"2025-09-12T11:50:00","date_gmt":"2025-09-12T11:50:00","guid":{"rendered":"https:\/\/jotaposta.com.ar\/?p=11813"},"modified":"2025-09-14T11:52:03","modified_gmt":"2025-09-14T11:52:03","slug":"80-anos-de-el-aleph-la-biblioteca-nacional-rinde-homenaje-al-relato-inmortal-de-borges","status":"publish","type":"post","link":"https:\/\/jotaposta.com.ar\/jposta\/2025\/09\/12\/80-anos-de-el-aleph-la-biblioteca-nacional-rinde-homenaje-al-relato-inmortal-de-borges\/","title":{"rendered":"80 a\u00f1os de El Aleph: la Biblioteca Nacional rinde homenaje al relato inmortal de Borges"},"content":{"rendered":"\n<p class=\"wp-block-paragraph\">Este a\u00f1o se cumplen <strong>80 a\u00f1os<\/strong> de la primera publicaci\u00f3n de <em>El Aleph<\/em>, uno de los relatos m\u00e1s emblem\u00e1ticos de <strong>Jorge Luis Borges<\/strong>. En 1945, los lectores descubr\u00edan aquel s\u00f3tano de la calle Garay donde un <strong>punto luminoso concentraba todo el tiempo y el espacio<\/strong>, marcando un antes y un despu\u00e9s en la literatura universal.<\/p>\n\n\n\n<figure class=\"wp-block-image size-full\"><img loading=\"lazy\" decoding=\"async\" width=\"992\" height=\"558\" src=\"https:\/\/jotaposta.com.ar\/jposta\/wp-content\/uploads\/2025\/09\/image-54.png\" alt=\"\" class=\"wp-image-11814\" srcset=\"https:\/\/jotaposta.com.ar\/jposta\/wp-content\/uploads\/2025\/09\/image-54.png 992w, https:\/\/jotaposta.com.ar\/jposta\/wp-content\/uploads\/2025\/09\/image-54-300x169.png 300w, https:\/\/jotaposta.com.ar\/jposta\/wp-content\/uploads\/2025\/09\/image-54-768x432.png 768w, https:\/\/jotaposta.com.ar\/jposta\/wp-content\/uploads\/2025\/09\/image-54-390x220.png 390w\" sizes=\"auto, (max-width: 992px) 100vw, 992px\" \/><\/figure>\n\n\n\n<p class=\"wp-block-paragraph\">Para conmemorar esta obra maestra, la <strong>Biblioteca Nacional<\/strong> presenta una <strong>exposici\u00f3n especial<\/strong> que invita a recorrer la esencia del cuento: la ciudad como escenario, los personajes que lo habitan y los recursos po\u00e9ticos con los que Borges construy\u00f3 este cl\u00e1sico.<\/p>\n\n\n\n<p class=\"wp-block-paragraph\">La muestra se puede visitar en <strong>Ag\u00fcero 2502<\/strong>, de lunes a viernes de <strong>9 a 21 hs<\/strong> y s\u00e1bados y domingos de <strong>12 a 19 hs<\/strong>. Una oportunidad \u00fanica para acercarse a la imaginaci\u00f3n infinita de Borges y adentrarse en <em>El Aleph<\/em>.<\/p>\n","protected":false},"excerpt":{"rendered":"<p>Este a\u00f1o se cumplen 80 a\u00f1os de la primera publicaci\u00f3n de El Aleph, uno de los relatos m\u00e1s emblem\u00e1ticos de Jorge Luis Borges. En 1945, los lectores descubr\u00edan aquel s\u00f3tano de la calle Garay donde un punto luminoso concentraba todo el tiempo y el espacio, marcando un antes y un despu\u00e9s en la literatura universal. &hellip;<\/p>\n","protected":false},"author":1,"featured_media":11815,"comment_status":"open","ping_status":"open","sticky":false,"template":"","format":"standard","meta":{"pagelayer_contact_templates":[],"_pagelayer_content":"","iawp_total_views":5,"footnotes":""},"categories":[29],"tags":[7341,7356,7342,7347,7354,806,7346,1594,7345,1619,7340,2344,7357,7344,7352,7343,3770,3771,7350,7351,7348,7353,4807,7349,7355],"class_list":["post-11813","post","type-post","status-publish","format-standard","has-post-thumbnail","hentry","category-turismo","tag-80-anos-el-aleph","tag-aguero-2502","tag-biblioteca-nacional-buenos-aires","tag-borges-1945","tag-borges-aniversario","tag-buenos-aires-cultura","tag-clasicos-de-la-literatura-universal","tag-cuentos-clasicos","tag-cuentos-de-borges","tag-cultura-buenos-aires","tag-el-aleph","tag-escritores-argentinos","tag-exposicion-el-aleph","tag-exposicion-literaria","tag-homenaje-borges","tag-jorge-luis-borges","tag-literatura-argentina","tag-literatura-argentina-contemporanea","tag-literatura-latinoamericana","tag-literatura-mundial","tag-narrativa-borges","tag-obras-maestras-borges","tag-patrimonio-cultural","tag-relatos-emblematicos","tag-visita-biblioteca-nacional"],"_links":{"self":[{"href":"https:\/\/jotaposta.com.ar\/jposta\/wp-json\/wp\/v2\/posts\/11813","targetHints":{"allow":["GET"]}}],"collection":[{"href":"https:\/\/jotaposta.com.ar\/jposta\/wp-json\/wp\/v2\/posts"}],"about":[{"href":"https:\/\/jotaposta.com.ar\/jposta\/wp-json\/wp\/v2\/types\/post"}],"author":[{"embeddable":true,"href":"https:\/\/jotaposta.com.ar\/jposta\/wp-json\/wp\/v2\/users\/1"}],"replies":[{"embeddable":true,"href":"https:\/\/jotaposta.com.ar\/jposta\/wp-json\/wp\/v2\/comments?post=11813"}],"version-history":[{"count":1,"href":"https:\/\/jotaposta.com.ar\/jposta\/wp-json\/wp\/v2\/posts\/11813\/revisions"}],"predecessor-version":[{"id":11816,"href":"https:\/\/jotaposta.com.ar\/jposta\/wp-json\/wp\/v2\/posts\/11813\/revisions\/11816"}],"wp:featuredmedia":[{"embeddable":true,"href":"https:\/\/jotaposta.com.ar\/jposta\/wp-json\/wp\/v2\/media\/11815"}],"wp:attachment":[{"href":"https:\/\/jotaposta.com.ar\/jposta\/wp-json\/wp\/v2\/media?parent=11813"}],"wp:term":[{"taxonomy":"category","embeddable":true,"href":"https:\/\/jotaposta.com.ar\/jposta\/wp-json\/wp\/v2\/categories?post=11813"},{"taxonomy":"post_tag","embeddable":true,"href":"https:\/\/jotaposta.com.ar\/jposta\/wp-json\/wp\/v2\/tags?post=11813"}],"curies":[{"name":"wp","href":"https:\/\/api.w.org\/{rel}","templated":true}]}}