{"id":11723,"date":"2025-09-08T03:10:35","date_gmt":"2025-09-08T03:10:35","guid":{"rendered":"https:\/\/jotaposta.com.ar\/?p=11723"},"modified":"2025-09-14T11:23:48","modified_gmt":"2025-09-14T11:23:48","slug":"el-peronismo-le-dio-un-golpe-de-13-puntos-a-milei-en-provincia","status":"publish","type":"post","link":"https:\/\/jotaposta.com.ar\/jposta\/2025\/09\/08\/el-peronismo-le-dio-un-golpe-de-13-puntos-a-milei-en-provincia\/","title":{"rendered":"El peronismo le dio un golpe de 13 puntos a Milei en Provincia"},"content":{"rendered":"\n<p class=\"wp-block-paragraph\">La provincia de Buenos Aires volvi\u00f3 a ser el coraz\u00f3n pol\u00edtico del pa\u00eds y esta vez marc\u00f3 un freno rotundo al oficialismo nacional. Con m\u00e1s del 93% de las mesas escrutadas, la alianza <strong>Fuerza Patria<\/strong> se impuso con el <strong>47,1% de los votos<\/strong> frente al <strong>33,8%<\/strong> de <strong>La Libertad Avanza<\/strong>, estirando una diferencia de m\u00e1s de <strong>13 puntos<\/strong> en las elecciones legislativas.<\/p>\n\n\n\n<figure class=\"wp-block-image size-large\"><img loading=\"lazy\" decoding=\"async\" width=\"1024\" height=\"683\" src=\"https:\/\/jotaposta.com.ar\/jposta\/wp-content\/uploads\/2025\/09\/image-33-1024x683.png\" alt=\"\" class=\"wp-image-11725\" srcset=\"https:\/\/jotaposta.com.ar\/jposta\/wp-content\/uploads\/2025\/09\/image-33-1024x683.png 1024w, https:\/\/jotaposta.com.ar\/jposta\/wp-content\/uploads\/2025\/09\/image-33-300x200.png 300w, https:\/\/jotaposta.com.ar\/jposta\/wp-content\/uploads\/2025\/09\/image-33-768x512.png 768w, https:\/\/jotaposta.com.ar\/jposta\/wp-content\/uploads\/2025\/09\/image-33-1536x1024.png 1536w, https:\/\/jotaposta.com.ar\/jposta\/wp-content\/uploads\/2025\/09\/image-33-2048x1365.png 2048w\" sizes=\"auto, (max-width: 1024px) 100vw, 1024px\" \/><\/figure>\n\n\n\n<p class=\"wp-block-paragraph\">En tercer lugar qued\u00f3 el espacio <strong>Somos Buenos Aires<\/strong>, con el 5,4%, seguido por el <strong>Frente de Izquierda<\/strong>, con 4,3%. La participaci\u00f3n alcanz\u00f3 el 62,7% del padr\u00f3n, un n\u00famero bajo para una elecci\u00f3n de este peso pol\u00edtico.<\/p>\n\n\n\n<p class=\"wp-block-paragraph\">El presidente <strong>Javier Milei<\/strong> no tard\u00f3 en reconocer el golpe electoral:<\/p>\n\n\n\n<blockquote class=\"wp-block-quote is-layout-flow wp-block-quote-is-layout-flow\">\n<p class=\"wp-block-paragraph\">\u201cHemos tenido una clara derrota, hay que aceptar el resultado\u201d, admiti\u00f3 en el inicio de su discurso.<\/p>\n<\/blockquote>\n\n\n\n<h3 class=\"wp-block-heading\">Kicillof celebr\u00f3 con tono desafiante<\/h3>\n\n\n\n<p class=\"wp-block-paragraph\">El gobernador <strong>Axel Kicillof<\/strong>, arquitecto de la unidad peronista que incluy\u00f3 al PJ de M\u00e1ximo Kirchner y al Frente Renovador de Sergio Massa, se mostr\u00f3 euf\u00f3rico en el escenario junto a Ver\u00f3nica Magario y Gabriel Katopodis:<\/p>\n\n\n\n<blockquote class=\"wp-block-quote is-layout-flow wp-block-quote-is-layout-flow\">\n<p class=\"wp-block-paragraph\">\u201cLa victoria fue aplastante en toda la provincia. Tuvimos unas elecciones transparentes sin una sola denuncia\u201d.<\/p>\n<\/blockquote>\n\n\n\n<figure class=\"wp-block-embed is-type-video is-provider-youtube wp-block-embed-youtube wp-embed-aspect-16-9 wp-has-aspect-ratio\"><div class=\"wp-block-embed__wrapper\">\n<iframe loading=\"lazy\" title=\"Axel Kicillof: \u201cFue una victoria aplastante\u201d\" width=\"500\" height=\"281\" src=\"https:\/\/www.youtube.com\/embed\/SDHd6q7TPbc?feature=oembed\" frameborder=\"0\" allow=\"accelerometer; autoplay; clipboard-write; encrypted-media; gyroscope; picture-in-picture; web-share\" referrerpolicy=\"strict-origin-when-cross-origin\" allowfullscreen><\/iframe>\n<\/div><\/figure>\n\n\n\n<p class=\"wp-block-paragraph\">Adem\u00e1s, agradeci\u00f3 a Massa y a Cristina Fern\u00e1ndez de Kirchner, a quien volvi\u00f3 a defender:<\/p>\n\n\n\n<blockquote class=\"wp-block-quote is-layout-flow wp-block-quote-is-layout-flow\">\n<p class=\"wp-block-paragraph\">\u201cCristina fue injustamente condenada y tendr\u00eda que estar en este escenario\u201d.<\/p>\n<\/blockquote>\n\n\n\n<p class=\"wp-block-paragraph\">Kicillof no dej\u00f3 pasar la oportunidad de diferenciarse del Gobierno nacional:<\/p>\n\n\n\n<blockquote class=\"wp-block-quote is-layout-flow wp-block-quote-is-layout-flow\">\n<p class=\"wp-block-paragraph\">\u201cEs la primera vez que hay un Gobierno tan extravagante y bizarro en Naci\u00f3n, mientras la provincia se gobierna con otra concepci\u00f3n\u201d.<\/p>\n<\/blockquote>\n\n\n\n<figure class=\"wp-block-image size-full\"><img loading=\"lazy\" decoding=\"async\" width=\"960\" height=\"540\" src=\"https:\/\/jotaposta.com.ar\/jposta\/wp-content\/uploads\/2025\/09\/image-32.png\" alt=\"\" class=\"wp-image-11724\" srcset=\"https:\/\/jotaposta.com.ar\/jposta\/wp-content\/uploads\/2025\/09\/image-32.png 960w, https:\/\/jotaposta.com.ar\/jposta\/wp-content\/uploads\/2025\/09\/image-32-300x169.png 300w, https:\/\/jotaposta.com.ar\/jposta\/wp-content\/uploads\/2025\/09\/image-32-768x432.png 768w, https:\/\/jotaposta.com.ar\/jposta\/wp-content\/uploads\/2025\/09\/image-32-390x220.png 390w\" sizes=\"auto, (max-width: 960px) 100vw, 960px\" \/><\/figure>\n\n\n\n<h3 class=\"wp-block-heading\">Un mapa pol\u00edtico redefinido<\/h3>\n\n\n\n<p class=\"wp-block-paragraph\">El resultado confirma que el distrito m\u00e1s poblado del pa\u00eds sigue siendo territorio peronista y coloca al oficialismo de Milei en un escenario de debilidad de cara a las generales nacionales. La provincia no solo consolida a Kicillof como uno de los l\u00edderes opositores, sino que tambi\u00e9n revitaliza la estructura peronista en pleno a\u00f1o electoral.<\/p>\n","protected":false},"excerpt":{"rendered":"<p>La provincia de Buenos Aires volvi\u00f3 a ser el coraz\u00f3n pol\u00edtico del pa\u00eds y esta vez marc\u00f3 un freno rotundo al oficialismo nacional. Con m\u00e1s del 93% de las mesas escrutadas, la alianza Fuerza Patria se impuso con el 47,1% de los votos frente al 33,8% de La Libertad Avanza, estirando una diferencia de m\u00e1s &hellip;<\/p>\n","protected":false},"author":1,"featured_media":11727,"comment_status":"open","ping_status":"open","sticky":false,"template":"","format":"standard","meta":{"pagelayer_contact_templates":[],"_pagelayer_content":"","iawp_total_views":12,"footnotes":""},"categories":[25],"tags":[579,1552,1790,1915,2151,7064,2752,2773,6965,3439,3601,3662,7062,4013,7063,4867,4920,4986,5177,5483,5807,5938,7065,6847],"class_list":["post-11723","post","type-post","status-publish","format-standard","has-post-thumbnail","hentry","category-resumen-de-noticias","tag-axel-kicillof","tag-cristina-kirchner","tag-derrota-milei","tag-diego-valenzuela","tag-elecciones-2025","tag-escrutinio-provisorio","tag-frente-de-izquierda","tag-fuerza-patria","tag-gabriel-katopodis","tag-javier-milei","tag-la-libertad-avanza","tag-legislativas-2025","tag-maxi-bondarenko","tag-maximo-kirchner","tag-participacion-electoral","tag-peronismo","tag-pj-bonaerense","tag-politica-argentina","tag-provincia-de-buenos-aires","tag-resultados-electorales","tag-sergio-massa","tag-somos-buenos-aires","tag-triunfo-peronista","tag-veronica-magario"],"_links":{"self":[{"href":"https:\/\/jotaposta.com.ar\/jposta\/wp-json\/wp\/v2\/posts\/11723","targetHints":{"allow":["GET"]}}],"collection":[{"href":"https:\/\/jotaposta.com.ar\/jposta\/wp-json\/wp\/v2\/posts"}],"about":[{"href":"https:\/\/jotaposta.com.ar\/jposta\/wp-json\/wp\/v2\/types\/post"}],"author":[{"embeddable":true,"href":"https:\/\/jotaposta.com.ar\/jposta\/wp-json\/wp\/v2\/users\/1"}],"replies":[{"embeddable":true,"href":"https:\/\/jotaposta.com.ar\/jposta\/wp-json\/wp\/v2\/comments?post=11723"}],"version-history":[{"count":1,"href":"https:\/\/jotaposta.com.ar\/jposta\/wp-json\/wp\/v2\/posts\/11723\/revisions"}],"predecessor-version":[{"id":11726,"href":"https:\/\/jotaposta.com.ar\/jposta\/wp-json\/wp\/v2\/posts\/11723\/revisions\/11726"}],"wp:featuredmedia":[{"embeddable":true,"href":"https:\/\/jotaposta.com.ar\/jposta\/wp-json\/wp\/v2\/media\/11727"}],"wp:attachment":[{"href":"https:\/\/jotaposta.com.ar\/jposta\/wp-json\/wp\/v2\/media?parent=11723"}],"wp:term":[{"taxonomy":"category","embeddable":true,"href":"https:\/\/jotaposta.com.ar\/jposta\/wp-json\/wp\/v2\/categories?post=11723"},{"taxonomy":"post_tag","embeddable":true,"href":"https:\/\/jotaposta.com.ar\/jposta\/wp-json\/wp\/v2\/tags?post=11723"}],"curies":[{"name":"wp","href":"https:\/\/api.w.org\/{rel}","templated":true}]}}