{"id":11693,"date":"2025-09-05T11:06:06","date_gmt":"2025-09-05T11:06:06","guid":{"rendered":"https:\/\/jotaposta.com.ar\/?p=11693"},"modified":"2025-09-05T11:06:07","modified_gmt":"2025-09-05T11:06:07","slug":"los-siete-senadores-que-eligieron-a-milei-antes-que-a-la-discapacidad","status":"publish","type":"post","link":"https:\/\/jotaposta.com.ar\/jposta\/2025\/09\/05\/los-siete-senadores-que-eligieron-a-milei-antes-que-a-la-discapacidad\/","title":{"rendered":"Los siete senadores que eligieron a Milei antes que a la discapacidad"},"content":{"rendered":"\n<p class=\"wp-block-paragraph\">La tarde del jueves en el Senado quedar\u00e1 grabada como una de esas escenas donde la pol\u00edtica muestra sus contrastes m\u00e1s brutales. Afuera, en las calles, los aplausos y l\u00e1grimas de cientos de familias celebraban una victoria largamente esperada: el rechazo al veto presidencial a la Ley de Emergencia en Discapacidad. Adentro, mientras la votaci\u00f3n avanzaba, una minor\u00eda se inclinaba por otra causa: obedecer a Javier Milei.<\/p>\n\n\n\n<figure class=\"wp-block-embed is-type-video is-provider-youtube wp-block-embed-youtube wp-embed-aspect-9-16 wp-has-aspect-ratio\"><div class=\"wp-block-embed__wrapper\">\n<iframe loading=\"lazy\" title=\"\ud83c\udf89As\u00ed celebraron afuera del Congreso el rechazo al veto de Milei a la emergencia en discapacidad\" width=\"422\" height=\"750\" src=\"https:\/\/www.youtube.com\/embed\/PrBxVZVFgU8?feature=oembed\" frameborder=\"0\" allow=\"accelerometer; autoplay; clipboard-write; encrypted-media; gyroscope; picture-in-picture; web-share\" referrerpolicy=\"strict-origin-when-cross-origin\" allowfullscreen><\/iframe>\n<\/div><\/figure>\n\n\n\n<p class=\"wp-block-paragraph\">El resultado fue contundente: <strong>63 votos contra 7<\/strong> marcaron la derrota del Gobierno en una sesi\u00f3n hist\u00f3rica, la primera en <strong>22 a\u00f1os<\/strong> en revertir un veto presidencial. La ley 27.793 \u2014que declara la emergencia en discapacidad hasta el <strong>31 de diciembre de 2027<\/strong>\u2014 qued\u00f3 en pie, asegurando la financiaci\u00f3n de prestaciones de salud y cuidados para quienes m\u00e1s lo necesitan.<\/p>\n\n\n\n<h3 class=\"wp-block-heading\">Los siete del veto<\/h3>\n\n\n\n<p class=\"wp-block-paragraph\">En ese mar de rechazos, hubo siete senadores que defendieron la decisi\u00f3n del Presidente, aunque quedaran aislados en el recinto:<\/p>\n\n\n\n<ul class=\"wp-block-list\">\n<li><strong>Bartolom\u00e9 Abdala<\/strong> (LLA)<\/li>\n\n\n\n<li><strong>Ivanna Arrascaeta<\/strong> (LLA)<\/li>\n\n\n\n<li><strong>Ezequiel Atauche<\/strong> (LLA)<\/li>\n\n\n\n<li><strong>Bruno Olivera Lucero<\/strong> (LLA)<\/li>\n\n\n\n<li><strong>Juan Carlos Pagotto<\/strong> (LLA)<\/li>\n\n\n\n<li><strong>Carmen \u00c1lvarez Rivero<\/strong> (PRO, interbloque Juntos por el Cambio)<\/li>\n\n\n\n<li><strong>Francisco Paoltroni<\/strong> (Libertad, Trabajo y Progreso, ex LLA)<\/li>\n<\/ul>\n\n\n\n<p class=\"wp-block-paragraph\">La lectura de la resoluci\u00f3n final estuvo a cargo del propio Abdala, que presidi\u00f3 la sesi\u00f3n ante la ausencia de Victoria Villarruel. Apenas termin\u00f3, el eco de los aplausos rompi\u00f3 las paredes del Congreso: eran los festejos que llegaban desde la Plaza.<\/p>\n\n\n\n<figure class=\"wp-block-image size-large\"><img loading=\"lazy\" decoding=\"async\" width=\"1024\" height=\"575\" src=\"https:\/\/jotaposta.com.ar\/jposta\/wp-content\/uploads\/2025\/09\/image-20-1024x575.png\" alt=\"\" class=\"wp-image-11695\" srcset=\"https:\/\/jotaposta.com.ar\/jposta\/wp-content\/uploads\/2025\/09\/image-20-1024x575.png 1024w, https:\/\/jotaposta.com.ar\/jposta\/wp-content\/uploads\/2025\/09\/image-20-300x168.png 300w, https:\/\/jotaposta.com.ar\/jposta\/wp-content\/uploads\/2025\/09\/image-20-768x431.png 768w, https:\/\/jotaposta.com.ar\/jposta\/wp-content\/uploads\/2025\/09\/image-20-390x220.png 390w, https:\/\/jotaposta.com.ar\/jposta\/wp-content\/uploads\/2025\/09\/image-20.png 1300w\" sizes=\"auto, (max-width: 1024px) 100vw, 1024px\" \/><\/figure>\n\n\n\n<h3 class=\"wp-block-heading\">Una ley que moviliz\u00f3<\/h3>\n\n\n\n<p class=\"wp-block-paragraph\">El esp\u00edritu de la norma logr\u00f3 unir a la oposici\u00f3n y a sectores independientes frente al oficialismo libertario. La iniciativa busca garantizar derechos b\u00e1sicos y mejorar las prestaciones del sector discapacidad, que ven\u00eda siendo golpeado por los recortes. Los testimonios de familiares y profesionales sumaron un peso emocional que fue imposible de ignorar.<\/p>\n\n\n\n<p class=\"wp-block-paragraph\">Mientras tanto, la Casa Rosada recibi\u00f3 el golpe pol\u00edtico con bronca y promesas de judicializar la decisi\u00f3n. Pero lo cierto es que en el Senado, Milei apenas pudo contar con siete voluntades frente a una mayor\u00eda abrumadora.<\/p>\n\n\n\n<figure class=\"wp-block-image size-full is-resized\"><img loading=\"lazy\" decoding=\"async\" width=\"730\" height=\"443\" src=\"https:\/\/jotaposta.com.ar\/jposta\/wp-content\/uploads\/2025\/09\/image-21.png\" alt=\"\" class=\"wp-image-11696\" style=\"width:829px;height:auto\" srcset=\"https:\/\/jotaposta.com.ar\/jposta\/wp-content\/uploads\/2025\/09\/image-21.png 730w, https:\/\/jotaposta.com.ar\/jposta\/wp-content\/uploads\/2025\/09\/image-21-300x182.png 300w\" sizes=\"auto, (max-width: 730px) 100vw, 730px\" \/><\/figure>\n\n\n\n<h3 class=\"wp-block-heading\">Una postal para la historia<\/h3>\n\n\n\n<p class=\"wp-block-paragraph\">La postal de este jueves tiene dos caras: de un lado, las familias celebrando en la calle, convencidas de que la pol\u00edtica puede estar de su lado. Del otro, un Presidente que vio c\u00f3mo su veto ca\u00eda con estr\u00e9pito, acompa\u00f1ado solo por siete senadores. En el medio, un Congreso que, por primera vez en m\u00e1s de dos d\u00e9cadas, demostr\u00f3 que todav\u00eda puede ponerle l\u00edmites al poder.<\/p>\n\n\n\n<figure class=\"wp-block-image size-large\"><img loading=\"lazy\" decoding=\"async\" width=\"1024\" height=\"574\" src=\"https:\/\/jotaposta.com.ar\/jposta\/wp-content\/uploads\/2025\/09\/image-22-1024x574.png\" alt=\"\" class=\"wp-image-11697\" srcset=\"https:\/\/jotaposta.com.ar\/jposta\/wp-content\/uploads\/2025\/09\/image-22-1024x574.png 1024w, https:\/\/jotaposta.com.ar\/jposta\/wp-content\/uploads\/2025\/09\/image-22-300x168.png 300w, https:\/\/jotaposta.com.ar\/jposta\/wp-content\/uploads\/2025\/09\/image-22-768x430.png 768w, https:\/\/jotaposta.com.ar\/jposta\/wp-content\/uploads\/2025\/09\/image-22-1536x860.png 1536w, https:\/\/jotaposta.com.ar\/jposta\/wp-content\/uploads\/2025\/09\/image-22-390x220.png 390w, https:\/\/jotaposta.com.ar\/jposta\/wp-content\/uploads\/2025\/09\/image-22.png 1919w\" sizes=\"auto, (max-width: 1024px) 100vw, 1024px\" \/><\/figure>\n\n\n\n<p class=\"wp-block-paragraph\">Y as\u00ed, entre aplausos y nombres propios, qued\u00f3 escrita otra p\u00e1gina en la larga novela de la pol\u00edtica argentina: la de quienes se animaron a decirle que no al ajuste en discapacidad, y la de quienes eligieron seguir al Presidente aunque eso significara darle la espalda a los m\u00e1s vulnerables.<\/p>\n","protected":false},"excerpt":{"rendered":"<p>La tarde del jueves en el Senado quedar\u00e1 grabada como una de esas escenas donde la pol\u00edtica muestra sus contrastes m\u00e1s brutales. Afuera, en las calles, los aplausos y l\u00e1grimas de cientos de familias celebraban una victoria largamente esperada: el rechazo al veto presidencial a la Ley de Emergencia en Discapacidad. Adentro, mientras la votaci\u00f3n &hellip;<\/p>\n","protected":false},"author":1,"featured_media":11695,"comment_status":"open","ping_status":"open","sticky":false,"template":"","format":"standard","meta":{"pagelayer_contact_templates":[],"_pagelayer_content":"","iawp_total_views":2,"footnotes":""},"categories":[4],"tags":[7017,7019,7020,1382,1781,7024,2200,2559,7021,7016,3439,7018,3601,7023,3685,7022,7027,7025,5112,5345,5777,6551,6597,7026],"class_list":["post-11693","post","type-post","status-publish","format-standard","has-post-thumbnail","hentry","category-actualidad-politica","tag-bartolome-abdala","tag-bruno-olivera-lucero","tag-carmen-alvarez-rivero","tag-congreso","tag-derechos-sociales","tag-discapacidad-argentina","tag-emergencia-en-discapacidad","tag-ezequiel-atauche","tag-francisco-paoltroni","tag-ivanna-arrascaeta","tag-javier-milei","tag-juan-carlos-pagotto","tag-la-libertad-avanza","tag-ley-27-793","tag-ley-de-discapacidad","tag-libertad-trabajo-y-progreso","tag-oposicion-unida","tag-prestaciones-medicas","tag-pro","tag-recorte-milei","tag-senado","tag-veto-presidencial","tag-victoria-villarruel","tag-votacion-senado"],"_links":{"self":[{"href":"https:\/\/jotaposta.com.ar\/jposta\/wp-json\/wp\/v2\/posts\/11693","targetHints":{"allow":["GET"]}}],"collection":[{"href":"https:\/\/jotaposta.com.ar\/jposta\/wp-json\/wp\/v2\/posts"}],"about":[{"href":"https:\/\/jotaposta.com.ar\/jposta\/wp-json\/wp\/v2\/types\/post"}],"author":[{"embeddable":true,"href":"https:\/\/jotaposta.com.ar\/jposta\/wp-json\/wp\/v2\/users\/1"}],"replies":[{"embeddable":true,"href":"https:\/\/jotaposta.com.ar\/jposta\/wp-json\/wp\/v2\/comments?post=11693"}],"version-history":[{"count":1,"href":"https:\/\/jotaposta.com.ar\/jposta\/wp-json\/wp\/v2\/posts\/11693\/revisions"}],"predecessor-version":[{"id":11698,"href":"https:\/\/jotaposta.com.ar\/jposta\/wp-json\/wp\/v2\/posts\/11693\/revisions\/11698"}],"wp:featuredmedia":[{"embeddable":true,"href":"https:\/\/jotaposta.com.ar\/jposta\/wp-json\/wp\/v2\/media\/11695"}],"wp:attachment":[{"href":"https:\/\/jotaposta.com.ar\/jposta\/wp-json\/wp\/v2\/media?parent=11693"}],"wp:term":[{"taxonomy":"category","embeddable":true,"href":"https:\/\/jotaposta.com.ar\/jposta\/wp-json\/wp\/v2\/categories?post=11693"},{"taxonomy":"post_tag","embeddable":true,"href":"https:\/\/jotaposta.com.ar\/jposta\/wp-json\/wp\/v2\/tags?post=11693"}],"curies":[{"name":"wp","href":"https:\/\/api.w.org\/{rel}","templated":true}]}}