{"id":11689,"date":"2025-09-05T10:57:53","date_gmt":"2025-09-05T10:57:53","guid":{"rendered":"https:\/\/jotaposta.com.ar\/?p=11689"},"modified":"2025-09-07T11:07:34","modified_gmt":"2025-09-07T11:07:34","slug":"un-golpe-historico-al-presidente-en-el-senado","status":"publish","type":"post","link":"https:\/\/jotaposta.com.ar\/jposta\/2025\/09\/05\/un-golpe-historico-al-presidente-en-el-senado\/","title":{"rendered":"Un golpe hist\u00f3rico al Presidente en el Senado"},"content":{"rendered":"\n<p class=\"wp-block-paragraph\">El reloj de la pol\u00edtica suele marcar tiempos largos. Veintid\u00f3s a\u00f1os pasaron desde la \u00faltima vez que el Congreso se atrevi\u00f3 a dar marcha atr\u00e1s con un veto presidencial. Este jueves, la historia volvi\u00f3 a repetirse, y lo hizo con fuerza: 63 senadores rechazaron la decisi\u00f3n de Javier Milei de tumbar la Ley de Emergencia en Discapacidad, contra apenas 7 que respaldaron al mandatario. Una derrota que quedar\u00e1 marcada como el primer veto revertido de la era libertaria.<\/p>\n\n\n\n<figure class=\"wp-block-embed is-type-video is-provider-youtube wp-block-embed-youtube wp-embed-aspect-16-9 wp-has-aspect-ratio\"><div class=\"wp-block-embed__wrapper\">\n<iframe loading=\"lazy\" title=\"VOTACI\u00d3N INSISTENCIA EN EMERGENCIA EN DISCAPACIDAD - SESI\u00d3N 04-09-25\" width=\"500\" height=\"281\" src=\"https:\/\/www.youtube.com\/embed\/u8uwJrbSVjQ?feature=oembed\" frameborder=\"0\" allow=\"accelerometer; autoplay; clipboard-write; encrypted-media; gyroscope; picture-in-picture; web-share\" referrerpolicy=\"strict-origin-when-cross-origin\" allowfullscreen><\/iframe>\n<\/div><\/figure>\n\n\n\n<h3 class=\"wp-block-heading\">Un rev\u00e9s hist\u00f3rico<\/h3>\n\n\n\n<p class=\"wp-block-paragraph\">El Senado no solo convirti\u00f3 en ley la iniciativa, sino que envi\u00f3 un mensaje claro: el Poder Legislativo no ser\u00e1 un mero espectador de la Casa Rosada. Desde 2003 que no se daba un hecho similar, lo que convierte esta decisi\u00f3n en un <strong>hito pol\u00edtico de alcance nacional<\/strong>.<\/p>\n\n\n\n<blockquote class=\"wp-block-quote is-layout-flow wp-block-quote-is-layout-flow\">\n<p class=\"wp-block-paragraph\">El momento data del 12 de marzo de 2003, en el Gobierno de Eduardo Duhalde. En ese entonces, el gobierno peronista de transici\u00f3n hab\u00eda vetado en forma total la ley 25.715, que fijaba una reducci\u00f3n impositiva en la importaci\u00f3n de az\u00facar. La decisi\u00f3n del entonces presidente recibi\u00f3 el rechazo de los dos tercios de ambas c\u00e1maras y la ley, finalmente, qued\u00f3 promulgada en los primeros d\u00edas de abril de 2003.<\/p>\n<\/blockquote>\n\n\n\n<p class=\"wp-block-paragraph\">Milei, que suele llamar \u201ch\u00e9roes\u201d a los legisladores que lo acompa\u00f1an, esta vez encontr\u00f3 apenas un pu\u00f1ado. El resto se inclin\u00f3 por respaldar a un sector particularmente golpeado por las pol\u00edticas de ajuste: las personas con discapacidad.<\/p>\n\n\n\n<h3 class=\"wp-block-heading\">Una derrota pol\u00edtica para el oficialismo<\/h3>\n\n\n\n<p class=\"wp-block-paragraph\">El resultado es demoledor para el gobierno: <strong>63 votos afirmativos contra 7 negativos<\/strong>. Incluso sectores que en otras ocasiones hab\u00edan votado junto al oficialismo eligieron esta vez la vereda de enfrente. El presidente adelant\u00f3 que judicializar\u00e1 la decisi\u00f3n, pero la imagen de un Congreso unido contra el veto ya se instal\u00f3 en la opini\u00f3n p\u00fablica.<\/p>\n\n\n\n<h3 class=\"wp-block-heading\">El trasfondo humano y pol\u00edtico<\/h3>\n\n\n\n<p class=\"wp-block-paragraph\">Detr\u00e1s de la votaci\u00f3n hubo discursos cargados de humanidad. Senadores como Luis Juez o Fernando Salino compartieron experiencias personales para explicar por qu\u00e9 era imposible avalar el recorte. En paralelo, en las gradas y en las calles, familiares y organizaciones celebraban el triunfo, convencidos de que hab\u00edan frenado un atropello.<\/p>\n\n\n\n<figure class=\"wp-block-image size-full\"><img loading=\"lazy\" decoding=\"async\" width=\"987\" height=\"555\" src=\"https:\/\/jotaposta.com.ar\/jposta\/wp-content\/uploads\/2025\/09\/image-5.png\" alt=\"\" class=\"wp-image-11660\" srcset=\"https:\/\/jotaposta.com.ar\/jposta\/wp-content\/uploads\/2025\/09\/image-5.png 987w, https:\/\/jotaposta.com.ar\/jposta\/wp-content\/uploads\/2025\/09\/image-5-300x169.png 300w, https:\/\/jotaposta.com.ar\/jposta\/wp-content\/uploads\/2025\/09\/image-5-768x432.png 768w, https:\/\/jotaposta.com.ar\/jposta\/wp-content\/uploads\/2025\/09\/image-5-390x220.png 390w\" sizes=\"auto, (max-width: 987px) 100vw, 987px\" \/><\/figure>\n\n\n\n<p class=\"wp-block-paragraph\">La ley apunta a garantizar la financiaci\u00f3n de prestaciones m\u00e9dicas y asistenciales para las personas con discapacidad. Su veto gener\u00f3 indignaci\u00f3n social y pol\u00edtica, en un pa\u00eds donde el ajuste econ\u00f3mico golpea de lleno a los sectores m\u00e1s vulnerables.<\/p>\n\n\n\n<h3 class=\"wp-block-heading\">El contexto del esc\u00e1ndalo<\/h3>\n\n\n\n<p class=\"wp-block-paragraph\">La sesi\u00f3n se dio, adem\u00e1s, en un clima enrarecido por las acusaciones de corrupci\u00f3n en la Agencia Nacional de Discapacidad (ANDIS). Los audios de Diego Spagnuolo, que vinculan a <strong>Karina Milei<\/strong> en un presunto esquema de coimas en la compra de medicamentos, sirvieron de tel\u00f3n de fondo. Aunque la Justicia a\u00fan no lo prob\u00f3, la sospecha creci\u00f3 y se convirti\u00f3 en argumento para quienes denunciaban la falta de sensibilidad social del gobierno libertario.<\/p>\n\n\n\n<h3 class=\"wp-block-heading\">Una se\u00f1al de l\u00edmites<\/h3>\n\n\n\n<p class=\"wp-block-paragraph\">El resultado marca un punto de inflexi\u00f3n en la relaci\u00f3n entre los poderes. El Congreso, con este gesto, se sacudi\u00f3 el traje de \u201csello de goma\u201d y se plant\u00f3 como contrapeso real. Milei, que apostaba a consolidar su autoridad, encontr\u00f3 en esta derrota un recordatorio de que la pol\u00edtica tambi\u00e9n escribe cap\u00edtulos imprevistos.<\/p>\n\n\n\n<figure class=\"wp-block-image size-large\"><img loading=\"lazy\" decoding=\"async\" width=\"1024\" height=\"576\" src=\"https:\/\/jotaposta.com.ar\/jposta\/wp-content\/uploads\/2025\/09\/image-6-1024x576.png\" alt=\"\" class=\"wp-image-11664\" srcset=\"https:\/\/jotaposta.com.ar\/jposta\/wp-content\/uploads\/2025\/09\/image-6-1024x576.png 1024w, https:\/\/jotaposta.com.ar\/jposta\/wp-content\/uploads\/2025\/09\/image-6-300x169.png 300w, https:\/\/jotaposta.com.ar\/jposta\/wp-content\/uploads\/2025\/09\/image-6-768x432.png 768w, https:\/\/jotaposta.com.ar\/jposta\/wp-content\/uploads\/2025\/09\/image-6-390x220.png 390w, https:\/\/jotaposta.com.ar\/jposta\/wp-content\/uploads\/2025\/09\/image-6.png 1280w\" sizes=\"auto, (max-width: 1024px) 100vw, 1024px\" \/><\/figure>\n\n\n\n<p class=\"wp-block-paragraph\">La Plaza celebraba mientras la sesi\u00f3n llegaba a su fin. Entre abrazos, l\u00e1grimas y c\u00e1nticos, los familiares de personas con discapacidad entendieron que, al menos por un d\u00eda, la pol\u00edtica hab\u00eda estado de su lado. Y en ese contraste entre la euforia ciudadana y la bronca presidencial, se sell\u00f3 una postal que quedar\u00e1 grabada: la de un veto derrotado despu\u00e9s de 22 a\u00f1os, y un Congreso dispuesto a desafiar al poder.<\/p>\n","protected":false},"excerpt":{"rendered":"<p>El reloj de la pol\u00edtica suele marcar tiempos largos. Veintid\u00f3s a\u00f1os pasaron desde la \u00faltima vez que el Congreso se atrevi\u00f3 a dar marcha atr\u00e1s con un veto presidencial. Este jueves, la historia volvi\u00f3 a repetirse, y lo hizo con fuerza: 63 senadores rechazaron la decisi\u00f3n de Javier Milei de tumbar la Ley de Emergencia &hellip;<\/p>\n","protected":false},"author":1,"featured_media":11691,"comment_status":"open","ping_status":"open","sticky":false,"template":"","format":"standard","meta":{"pagelayer_contact_templates":[],"_pagelayer_content":"","iawp_total_views":9,"footnotes":""},"categories":[4],"tags":[7011,7005,7006,1382,7012,7004,1774,1790,2200,7014,7007,7013,3439,7015,3572,3685,7008,4582,4621,7003,5777,7009,6551,7010],"class_list":["post-11689","post","type-post","status-publish","format-standard","has-post-thumbnail","hentry","category-actualidad-politica","tag-ajuste-fiscal","tag-audios-spagnuolo","tag-coimas-medicamentos","tag-congreso","tag-contrapeso-congreso","tag-corrupcion-andis","tag-derechos-discapacidad","tag-derrota-milei","tag-emergencia-en-discapacidad","tag-escandalo-gobierno","tag-fernando-salino","tag-hito-politico","tag-javier-milei","tag-judicializacion-veto","tag-karina-milei","tag-ley-de-discapacidad","tag-luis-juez","tag-oficialismo","tag-oposicion","tag-reves-politico","tag-senado","tag-unidad-oposicion","tag-veto-presidencial","tag-votos-senado"],"_links":{"self":[{"href":"https:\/\/jotaposta.com.ar\/jposta\/wp-json\/wp\/v2\/posts\/11689","targetHints":{"allow":["GET"]}}],"collection":[{"href":"https:\/\/jotaposta.com.ar\/jposta\/wp-json\/wp\/v2\/posts"}],"about":[{"href":"https:\/\/jotaposta.com.ar\/jposta\/wp-json\/wp\/v2\/types\/post"}],"author":[{"embeddable":true,"href":"https:\/\/jotaposta.com.ar\/jposta\/wp-json\/wp\/v2\/users\/1"}],"replies":[{"embeddable":true,"href":"https:\/\/jotaposta.com.ar\/jposta\/wp-json\/wp\/v2\/comments?post=11689"}],"version-history":[{"count":1,"href":"https:\/\/jotaposta.com.ar\/jposta\/wp-json\/wp\/v2\/posts\/11689\/revisions"}],"predecessor-version":[{"id":11692,"href":"https:\/\/jotaposta.com.ar\/jposta\/wp-json\/wp\/v2\/posts\/11689\/revisions\/11692"}],"wp:featuredmedia":[{"embeddable":true,"href":"https:\/\/jotaposta.com.ar\/jposta\/wp-json\/wp\/v2\/media\/11691"}],"wp:attachment":[{"href":"https:\/\/jotaposta.com.ar\/jposta\/wp-json\/wp\/v2\/media?parent=11689"}],"wp:term":[{"taxonomy":"category","embeddable":true,"href":"https:\/\/jotaposta.com.ar\/jposta\/wp-json\/wp\/v2\/categories?post=11689"},{"taxonomy":"post_tag","embeddable":true,"href":"https:\/\/jotaposta.com.ar\/jposta\/wp-json\/wp\/v2\/tags?post=11689"}],"curies":[{"name":"wp","href":"https:\/\/api.w.org\/{rel}","templated":true}]}}