{"id":11659,"date":"2025-09-03T17:00:25","date_gmt":"2025-09-03T17:00:25","guid":{"rendered":"https:\/\/jotaposta.com.ar\/?p=11659"},"modified":"2025-09-04T15:01:29","modified_gmt":"2025-09-04T15:01:29","slug":"al-final-era-cierto-la-casta-tiene-miedo","status":"publish","type":"post","link":"https:\/\/jotaposta.com.ar\/jposta\/2025\/09\/03\/al-final-era-cierto-la-casta-tiene-miedo\/","title":{"rendered":"Al final era cierto: la casta tiene miedo"},"content":{"rendered":"\n<p class=\"wp-block-paragraph\"><em><strong>\u201c\u00a1La casta tiene miedo!\u201d.<\/strong><\/em> Ese grito de guerra que Javier Milei repet\u00eda en cada acto de campa\u00f1a se convirti\u00f3 en bandera para quienes cre\u00edan estar frente a un cambio de \u00e9poca. Pero a nueve meses de gobierno, la consigna se volvi\u00f3 un boomerang: hoy los que tiemblan son ellos mismos, los que promet\u00edan arrasar con privilegios y terminaron abrazados a la misma l\u00f3gica de siempre.<\/p>\n\n\n\n<p class=\"wp-block-paragraph\">La pol\u00e9mica estall\u00f3 con la filtraci\u00f3n de audios atribuidos a Karina Milei, hermana del Presidente y figura clave del armado libertario. El material difundido por el programa <em>Data Clave<\/em> \u2014que ya hab\u00eda revelado grabaciones sobre presuntas coimas en el \u00e1rea de Discapacidad\u2014 muestra a la autodenominada <em>Jefa<\/em> preocupada por mantener la unidad y describiendo su rutina dentro de la Casa Rosada. Mensajes simples, casi anodinos, pero que abrieron una caja de Pandora: si esto es lo que se filtr\u00f3,<strong> \u00bfqu\u00e9 hay en las partes que todav\u00eda no salieron a la luz?<\/strong><\/p>\n\n\n\n<figure class=\"wp-block-embed is-type-video is-provider-youtube wp-block-embed-youtube wp-embed-aspect-9-16 wp-has-aspect-ratio\"><div class=\"wp-block-embed__wrapper\">\n<iframe loading=\"lazy\" title=\"\ud83c\udde6\ud83c\uddf7 El audio de Karina Milei que la justicia argentina prohibi\u00f3 difundir\" width=\"422\" height=\"750\" src=\"https:\/\/www.youtube.com\/embed\/XWihZ3xRRek?feature=oembed\" frameborder=\"0\" allow=\"accelerometer; autoplay; clipboard-write; encrypted-media; gyroscope; picture-in-picture; web-share\" referrerpolicy=\"strict-origin-when-cross-origin\" allowfullscreen><\/iframe>\n<\/div><\/figure>\n\n\n\n<p class=\"wp-block-paragraph\">La reacci\u00f3n oficial fue inmediata. El vocero Manuel Adorni no solo admiti\u00f3 la veracidad de los audios como posibilidad concreta, sino que habl\u00f3 de un \u201cesc\u00e1ndalo sin precedentes\u201d y denunci\u00f3 una \u201coperaci\u00f3n\u201d para desestabilizar al Gobierno antes de las elecciones bonaerenses. La propia Karina Milei acudi\u00f3 a la Justicia para obtener una cautelar in\u00e9dita: prohibir que cualquier medio difunda chats, fotos, audios o videos vinculados a ella, presentes o futuros, en cualquier plataforma. En otras palabras, pedir censura previa.<\/p>\n\n\n\n<figure class=\"wp-block-image size-large\"><img loading=\"lazy\" decoding=\"async\" width=\"1024\" height=\"683\" src=\"https:\/\/jotaposta.com.ar\/jposta\/wp-content\/uploads\/2025\/09\/ChatGPT-Image-3-sept-2025-01_59_48-p.m-1024x683.png\" alt=\"\" class=\"wp-image-11661\" srcset=\"https:\/\/jotaposta.com.ar\/jposta\/wp-content\/uploads\/2025\/09\/ChatGPT-Image-3-sept-2025-01_59_48-p.m-1024x683.png 1024w, https:\/\/jotaposta.com.ar\/jposta\/wp-content\/uploads\/2025\/09\/ChatGPT-Image-3-sept-2025-01_59_48-p.m-300x200.png 300w, https:\/\/jotaposta.com.ar\/jposta\/wp-content\/uploads\/2025\/09\/ChatGPT-Image-3-sept-2025-01_59_48-p.m-768x512.png 768w, https:\/\/jotaposta.com.ar\/jposta\/wp-content\/uploads\/2025\/09\/ChatGPT-Image-3-sept-2025-01_59_48-p.m.png 1536w\" sizes=\"auto, (max-width: 1024px) 100vw, 1024px\" \/><\/figure>\n\n\n\n<p class=\"wp-block-paragraph\"><strong>La Constituci\u00f3n argentina es clara: no hay margen para frenar de antemano la publicaci\u00f3n de informaci\u00f3n de inter\u00e9s p\u00fablico<\/strong>. La Corte Suprema lo reafirm\u00f3 en m\u00faltiples fallos y la Convenci\u00f3n Americana sobre Derechos Humanos lo sostiene en su art\u00edculo 13. El antecedente de Menem en los \u201890, cuando la jueza Servini logr\u00f3 que Tato Bores no la nombrara en un sketch, o el intento de Nixon de bloquear los Papeles del Pent\u00e1gono, son ejemplos de hasta d\u00f3nde puede llegar el poder cuando se siente acorralado.<\/p>\n\n\n\n<figure class=\"wp-block-embed is-type-video is-provider-youtube wp-block-embed-youtube wp-embed-aspect-4-3 wp-has-aspect-ratio\"><div class=\"wp-block-embed__wrapper\">\n<iframe loading=\"lazy\" title=\"La jueza Bar\u00fa Bud\u00fa Bud\u00eda - 1992\" width=\"500\" height=\"375\" src=\"https:\/\/www.youtube.com\/embed\/bJOjn6JkVK8?feature=oembed\" frameborder=\"0\" allow=\"accelerometer; autoplay; clipboard-write; encrypted-media; gyroscope; picture-in-picture; web-share\" referrerpolicy=\"strict-origin-when-cross-origin\" allowfullscreen><\/iframe>\n<\/div><\/figure>\n\n\n\n<p class=\"wp-block-paragraph\">La pregunta inevitable es:<em> \u00bfqu\u00e9 hay detr\u00e1s de esta movida? \u00bfPor qu\u00e9 tanto miedo a un par de audios? \u00bfQui\u00e9n es el topo en la Rosada capaz de grabar a la mism\u00edsima hermana del Presidente? \u00bfSe trata de un espionaje interno donde todos vigilan a todos? \u00bfHay algo m\u00e1s pesado en esas cintas: coimas, extorsiones, secretos de familia, informaci\u00f3n sensible sobre el propio Milei?<\/em><\/p>\n\n\n\n<figure class=\"wp-block-image size-full\"><img loading=\"lazy\" decoding=\"async\" width=\"987\" height=\"555\" src=\"https:\/\/jotaposta.com.ar\/jposta\/wp-content\/uploads\/2025\/09\/image-5.png\" alt=\"\" class=\"wp-image-11660\" srcset=\"https:\/\/jotaposta.com.ar\/jposta\/wp-content\/uploads\/2025\/09\/image-5.png 987w, https:\/\/jotaposta.com.ar\/jposta\/wp-content\/uploads\/2025\/09\/image-5-300x169.png 300w, https:\/\/jotaposta.com.ar\/jposta\/wp-content\/uploads\/2025\/09\/image-5-768x432.png 768w, https:\/\/jotaposta.com.ar\/jposta\/wp-content\/uploads\/2025\/09\/image-5-390x220.png 390w\" sizes=\"auto, (max-width: 987px) 100vw, 987px\" \/><\/figure>\n\n\n\n<p class=\"wp-block-paragraph\">Lo que s\u00ed queda claro es que la promesa de \u201cbarrer con la casta\u201d termin\u00f3 en un espejo inc\u00f3modo. Los Menem, los Franco, los viejos apellidos del poder, siguen al lado de Milei. Y ahora los libertarios, que alguna vez se jactaron de ser distintos, piden censura previa y se encierran en el miedo.<\/p>\n\n\n\n<p class=\"wp-block-paragraph\">La casta, finalmente, no era \u201cla pol\u00edtica de siempre\u201d. La casta son ellos. Y como en aquella canci\u00f3n de campa\u00f1a, la frase vuelve a escucharse, pero invertida: <strong>la casta tiene miedo.<\/strong><\/p>\n","protected":false},"excerpt":{"rendered":"<p>\u201c\u00a1La casta tiene miedo!\u201d. Ese grito de guerra que Javier Milei repet\u00eda en cada acto de campa\u00f1a se convirti\u00f3 en bandera para quienes cre\u00edan estar frente a un cambio de \u00e9poca. Pero a nueve meses de gobierno, la consigna se volvi\u00f3 un boomerang: hoy los que tiemblan son ellos mismos, los que promet\u00edan arrasar con &hellip;<\/p>\n","protected":false},"author":1,"featured_media":11661,"comment_status":"open","ping_status":"open","sticky":false,"template":"","format":"standard","meta":{"pagelayer_contact_templates":[],"_pagelayer_content":"","iawp_total_views":4,"footnotes":""},"categories":[4],"tags":[6813,6931,1004,1014,6944,6930,6802,6936,1466,1474,6933,1914,2157,2310,6943,3439,3572,3713,3720,3907,6932,4040,6938,6939,6934,6937,6942,6940,6935,6039,6941],"class_list":["post-11659","post","type-post","status-publish","format-standard","has-post-thumbnail","hentry","category-actualidad-politica","tag-agencia-nacional-de-discapacidad","tag-audios-filtrados","tag-casa-rosada","tag-casta-politica","tag-censura-judicial","tag-censura-previa","tag-coimas","tag-convencion-americana-de-derechos-humanos","tag-corrupcion","tag-corte-suprema","tag-data-clave","tag-diego-spagnuolo","tag-elecciones-buenos-aires","tag-escandalo-milei","tag-filtraciones-politicas","tag-javier-milei","tag-karina-milei","tag-libertad-de-expresion","tag-libertarios","tag-manuel-adorni","tag-mauro-federico","tag-medios-de-comunicacion","tag-menem","tag-new-york-times","tag-operacion-mediatica","tag-papeles-del-pentagono","tag-poder-en-argentina","tag-richard-nixon","tag-servini-de-cubria","tag-tato-bores","tag-washington-post"],"_links":{"self":[{"href":"https:\/\/jotaposta.com.ar\/jposta\/wp-json\/wp\/v2\/posts\/11659","targetHints":{"allow":["GET"]}}],"collection":[{"href":"https:\/\/jotaposta.com.ar\/jposta\/wp-json\/wp\/v2\/posts"}],"about":[{"href":"https:\/\/jotaposta.com.ar\/jposta\/wp-json\/wp\/v2\/types\/post"}],"author":[{"embeddable":true,"href":"https:\/\/jotaposta.com.ar\/jposta\/wp-json\/wp\/v2\/users\/1"}],"replies":[{"embeddable":true,"href":"https:\/\/jotaposta.com.ar\/jposta\/wp-json\/wp\/v2\/comments?post=11659"}],"version-history":[{"count":1,"href":"https:\/\/jotaposta.com.ar\/jposta\/wp-json\/wp\/v2\/posts\/11659\/revisions"}],"predecessor-version":[{"id":11662,"href":"https:\/\/jotaposta.com.ar\/jposta\/wp-json\/wp\/v2\/posts\/11659\/revisions\/11662"}],"wp:featuredmedia":[{"embeddable":true,"href":"https:\/\/jotaposta.com.ar\/jposta\/wp-json\/wp\/v2\/media\/11661"}],"wp:attachment":[{"href":"https:\/\/jotaposta.com.ar\/jposta\/wp-json\/wp\/v2\/media?parent=11659"}],"wp:term":[{"taxonomy":"category","embeddable":true,"href":"https:\/\/jotaposta.com.ar\/jposta\/wp-json\/wp\/v2\/categories?post=11659"},{"taxonomy":"post_tag","embeddable":true,"href":"https:\/\/jotaposta.com.ar\/jposta\/wp-json\/wp\/v2\/tags?post=11659"}],"curies":[{"name":"wp","href":"https:\/\/api.w.org\/{rel}","templated":true}]}}