{"id":11641,"date":"2025-08-30T14:39:41","date_gmt":"2025-08-30T14:39:41","guid":{"rendered":"https:\/\/jotaposta.com.ar\/?p=11641"},"modified":"2025-09-03T17:25:19","modified_gmt":"2025-09-03T17:25:19","slug":"tormenta-de-santa-rosa-mito-piratas-y-la-verdad-detras-del-fenomeno-del-30-de-agosto","status":"publish","type":"post","link":"https:\/\/jotaposta.com.ar\/jposta\/2025\/08\/30\/tormenta-de-santa-rosa-mito-piratas-y-la-verdad-detras-del-fenomeno-del-30-de-agosto\/","title":{"rendered":"Tormenta de Santa Rosa: mito, piratas y la verdad detr\u00e1s del fen\u00f3meno del 30 de agosto"},"content":{"rendered":"\n<p class=\"wp-block-paragraph\">Cuando agosto se acerca a su fin, y el invierno lentamente cede terreno, en el imaginario popular sudamericano aparece un fen\u00f3meno casi m\u00edtico: la Tormenta de Santa Rosa. Un temporal que, seg\u00fan cuentan, suele manifestarse entre los \u00faltimos cinco d\u00edas de agosto y los primeros cinco de septiembre, cuando las primeras masas de aire c\u00e1lido comienzan a chocar con los frentes fr\u00edos.<\/p>\n\n\n\n<figure class=\"wp-block-image size-large\"><img loading=\"lazy\" decoding=\"async\" width=\"1024\" height=\"576\" src=\"https:\/\/jotaposta.com.ar\/jposta\/wp-content\/uploads\/2025\/08\/image-15-1024x576.png\" alt=\"\" class=\"wp-image-11642\" srcset=\"https:\/\/jotaposta.com.ar\/jposta\/wp-content\/uploads\/2025\/08\/image-15-1024x576.png 1024w, https:\/\/jotaposta.com.ar\/jposta\/wp-content\/uploads\/2025\/08\/image-15-300x169.png 300w, https:\/\/jotaposta.com.ar\/jposta\/wp-content\/uploads\/2025\/08\/image-15-768x432.png 768w, https:\/\/jotaposta.com.ar\/jposta\/wp-content\/uploads\/2025\/08\/image-15-390x220.png 390w, https:\/\/jotaposta.com.ar\/jposta\/wp-content\/uploads\/2025\/08\/image-15.png 1200w\" sizes=\"auto, (max-width: 1024px) 100vw, 1024px\" \/><\/figure>\n\n\n\n<p class=\"wp-block-paragraph\">Por ahora, los pron\u00f3sticos no marcan certezas, aunque algunos modelos se\u00f1alan el viernes 30 de agosto como una posibilidad. Lo cierto es que, m\u00e1s all\u00e1 de la predicci\u00f3n meteorol\u00f3gica, esta tormenta conecta con la festividad cat\u00f3lica de Santa Rosa de Lima, Patrona de Am\u00e9rica, y con la leyenda de Isabel Flores de Oliva, quien en el siglo XVII habr\u00eda detenido un desembarco pirata gracias a una fuerte tormenta.<\/p>\n\n\n\n<p class=\"wp-block-paragraph\">Seg\u00fan registros hist\u00f3ricos, en 1615, en la \u201cCiudad de los Reyes\u201d (Lima), Rosa lider\u00f3 una rogativa frente a la inminente llegada de corsarios holandeses que hab\u00edan asaltado el puerto vecino de El Callao. Una tormenta repentina impidi\u00f3 que cualquier embarcaci\u00f3n se acercara, salvando la ciudad y dando origen a la atribuci\u00f3n de poderes m\u00edsticos a la religiosa. La leyenda se expandi\u00f3 por los dominios espa\u00f1oles y se populariz\u00f3 en el R\u00edo de la Plata, C\u00f3rdoba y Cuyo, hasta influir en el nombre de la capital de La Pampa, regi\u00f3n propensa a tormentas fuertes.<\/p>\n\n\n<div class=\"wp-block-image\">\n<figure class=\"aligncenter size-full\"><img loading=\"lazy\" decoding=\"async\" width=\"751\" height=\"452\" src=\"https:\/\/jotaposta.com.ar\/jposta\/wp-content\/uploads\/2025\/08\/image-16.png\" alt=\"\" class=\"wp-image-11643\" srcset=\"https:\/\/jotaposta.com.ar\/jposta\/wp-content\/uploads\/2025\/08\/image-16.png 751w, https:\/\/jotaposta.com.ar\/jposta\/wp-content\/uploads\/2025\/08\/image-16-300x181.png 300w\" sizes=\"auto, (max-width: 751px) 100vw, 751px\" \/><\/figure>\n<\/div>\n\n\n<p class=\"wp-block-paragraph\">Pero, \u00bfqu\u00e9 hay de cierto desde el punto de vista meteorol\u00f3gico? La denominada Tormenta de Santa Rosa corresponde a una de las primeras tormentas que aparecen al final del invierno, cuando las altas temperaturas comienzan a enfrentarse con los \u00faltimos fr\u00edos. Para la Organizaci\u00f3n Meteorol\u00f3gica Mundial, una tormenta se define por la descarga el\u00e9ctrica atmosf\u00e9rica acompa\u00f1ada de rel\u00e1mpago, trueno y lluvia breve pero intensa, generalmente asociada a nubes cumulonimbus.<\/p>\n\n\n\n<p class=\"wp-block-paragraph\">En este contexto, la combinaci\u00f3n de aire c\u00e1lido y h\u00famedo proveniente del norte, mayor radiaci\u00f3n solar y perturbaciones del oeste podr\u00edan dar lugar al fen\u00f3meno, particularmente cercano al 30 de agosto. \u201cSe trata de una perturbaci\u00f3n provocada por el Polo Sur todav\u00eda muy fr\u00edo mientras el continente austral empieza a calentarse lentamente\u201d, explican los meteor\u00f3logos.<\/p>\n\n\n\n<figure class=\"wp-block-image size-full is-style-default\"><img loading=\"lazy\" decoding=\"async\" width=\"970\" height=\"550\" src=\"https:\/\/jotaposta.com.ar\/jposta\/wp-content\/uploads\/2025\/08\/image-17.png\" alt=\"\" class=\"wp-image-11644\" srcset=\"https:\/\/jotaposta.com.ar\/jposta\/wp-content\/uploads\/2025\/08\/image-17.png 970w, https:\/\/jotaposta.com.ar\/jposta\/wp-content\/uploads\/2025\/08\/image-17-300x170.png 300w, https:\/\/jotaposta.com.ar\/jposta\/wp-content\/uploads\/2025\/08\/image-17-768x435.png 768w, https:\/\/jotaposta.com.ar\/jposta\/wp-content\/uploads\/2025\/08\/image-17-390x220.png 390w\" sizes=\"auto, (max-width: 970px) 100vw, 970px\" \/><\/figure>\n\n\n\n<p class=\"wp-block-paragraph\">Sin embargo, la frecuencia de esta tormenta no es tan regular como sugiere la tradici\u00f3n. Seg\u00fan el Servicio Meteorol\u00f3gico Nacional, del per\u00edodo 1906 a 2018, apenas en 63 oportunidades (56% de los casos) se registraron tormentas entre cinco d\u00edas antes y despu\u00e9s del 30 de agosto. Los registros m\u00e1s recientes, de 2008 a 2022, muestran que solo en 2013 no se produjo la tormenta.<\/p>\n\n\n\n<p class=\"wp-block-paragraph\">As\u00ed, la Tormenta de Santa Rosa sigue siendo un cruce entre historia, mito y ciencia, un fen\u00f3meno que recuerda que, en la naturaleza y en la memoria colectiva, realidad y leyenda suelen mezclarse.<\/p>\n","protected":false},"excerpt":{"rendered":"<p>Cuando agosto se acerca a su fin, y el invierno lentamente cede terreno, en el imaginario popular sudamericano aparece un fen\u00f3meno casi m\u00edtico: la Tormenta de Santa Rosa. Un temporal que, seg\u00fan cuentan, suele manifestarse entre los \u00faltimos cinco d\u00edas de agosto y los primeros cinco de septiembre, cuando las primeras masas de aire c\u00e1lido &hellip;<\/p>\n","protected":false},"author":1,"featured_media":11648,"comment_status":"open","ping_status":"open","sticky":false,"template":"","format":"standard","meta":{"pagelayer_contact_templates":[],"_pagelayer_content":"","iawp_total_views":7,"footnotes":""},"categories":[4],"tags":[6899,6890,1195,6902,6900,6893,6887,6903,6885,6882,6901,6888,6895,6889,6881,6891,6886,6898,6884,6894,5830,6880,6883,6896,6897,6892],"class_list":["post-11641","post","type-post","status-publish","format-standard","has-post-thumbnail","hentry","category-actualidad-politica","tag-agosto-30","tag-ciudad-de-lima","tag-clima-argentina","tag-cordoba-tormentas","tag-cumulonimbus","tag-eventos-meteorologicos-historicos","tag-fenomenos-meteorologicos","tag-fin-de-invierno","tag-historia-del-clima","tag-isabel-flores-de-oliva","tag-la-pampa-clima","tag-leyendas-sudamericanas","tag-lluvias-intensas","tag-perturbaciones-atmosfericas","tag-piratas-holandeses-lima","tag-piratas-y-tormentas","tag-pronostico-tormenta","tag-rio-de-la-plata-tormentas","tag-santa-rosa-de-lima","tag-santa-rosa-festividad","tag-servicio-meteorologico-nacional","tag-tormenta-de-santa-rosa","tag-tormentas-agosto-septiembre","tag-tormentas-finales-de-invierno","tag-tormentas-frecuentes","tag-tradiciones-populares"],"_links":{"self":[{"href":"https:\/\/jotaposta.com.ar\/jposta\/wp-json\/wp\/v2\/posts\/11641","targetHints":{"allow":["GET"]}}],"collection":[{"href":"https:\/\/jotaposta.com.ar\/jposta\/wp-json\/wp\/v2\/posts"}],"about":[{"href":"https:\/\/jotaposta.com.ar\/jposta\/wp-json\/wp\/v2\/types\/post"}],"author":[{"embeddable":true,"href":"https:\/\/jotaposta.com.ar\/jposta\/wp-json\/wp\/v2\/users\/1"}],"replies":[{"embeddable":true,"href":"https:\/\/jotaposta.com.ar\/jposta\/wp-json\/wp\/v2\/comments?post=11641"}],"version-history":[{"count":1,"href":"https:\/\/jotaposta.com.ar\/jposta\/wp-json\/wp\/v2\/posts\/11641\/revisions"}],"predecessor-version":[{"id":11646,"href":"https:\/\/jotaposta.com.ar\/jposta\/wp-json\/wp\/v2\/posts\/11641\/revisions\/11646"}],"wp:featuredmedia":[{"embeddable":true,"href":"https:\/\/jotaposta.com.ar\/jposta\/wp-json\/wp\/v2\/media\/11648"}],"wp:attachment":[{"href":"https:\/\/jotaposta.com.ar\/jposta\/wp-json\/wp\/v2\/media?parent=11641"}],"wp:term":[{"taxonomy":"category","embeddable":true,"href":"https:\/\/jotaposta.com.ar\/jposta\/wp-json\/wp\/v2\/categories?post=11641"},{"taxonomy":"post_tag","embeddable":true,"href":"https:\/\/jotaposta.com.ar\/jposta\/wp-json\/wp\/v2\/tags?post=11641"}],"curies":[{"name":"wp","href":"https:\/\/api.w.org\/{rel}","templated":true}]}}