{"id":11633,"date":"2025-08-30T12:26:54","date_gmt":"2025-08-30T12:26:54","guid":{"rendered":"https:\/\/jotaposta.com.ar\/?p=11633"},"modified":"2025-08-30T12:26:55","modified_gmt":"2025-08-30T12:26:55","slug":"lo-traiciono-el-subconsciente-adorni-confirmo-que-los-audios-de-karina-milei-fueron-en-la-rosada","status":"publish","type":"post","link":"https:\/\/jotaposta.com.ar\/jposta\/2025\/08\/30\/lo-traiciono-el-subconsciente-adorni-confirmo-que-los-audios-de-karina-milei-fueron-en-la-rosada\/","title":{"rendered":"\u00bfLo traicion\u00f3 el subconsciente?: Adorni confirm\u00f3 que los audios de Karina Milei fueron en la Rosada"},"content":{"rendered":"\n<p class=\"wp-block-paragraph\"><strong>El vocero presidencial Manuel Adorni<\/strong>&nbsp;se pronunci\u00f3 hoy sobre la difusi\u00f3n de audios atribuidos a la secretaria General de la Presidencia,&nbsp;<strong>Karina Milei<\/strong>, y advirti\u00f3 que, de confirmarse su autenticidad, se tratar\u00eda de un hecho sin precedentes en la historia argentina: la grabaci\u00f3n de un funcionario dentro de la Casa Rosada.<\/p>\n\n\n\n<figure class=\"wp-block-image size-large\"><img loading=\"lazy\" decoding=\"async\" width=\"1024\" height=\"575\" src=\"https:\/\/jotaposta.com.ar\/jposta\/wp-content\/uploads\/2025\/08\/image-13-1024x575.png\" alt=\"\" class=\"wp-image-11634\" srcset=\"https:\/\/jotaposta.com.ar\/jposta\/wp-content\/uploads\/2025\/08\/image-13-1024x575.png 1024w, https:\/\/jotaposta.com.ar\/jposta\/wp-content\/uploads\/2025\/08\/image-13-300x168.png 300w, https:\/\/jotaposta.com.ar\/jposta\/wp-content\/uploads\/2025\/08\/image-13-768x431.png 768w, https:\/\/jotaposta.com.ar\/jposta\/wp-content\/uploads\/2025\/08\/image-13-390x220.png 390w, https:\/\/jotaposta.com.ar\/jposta\/wp-content\/uploads\/2025\/08\/image-13.png 1300w\" sizes=\"auto, (max-width: 1024px) 100vw, 1024px\" \/><\/figure>\n\n\n\n<p class=\"wp-block-paragraph\">En mensajes publicados en su cuenta de X, Adorni sostuvo que la circulaci\u00f3n de esos registros a menos de diez d\u00edas de la elecci\u00f3n en la provincia de Buenos Aires demuestra que \u201ces una operaci\u00f3n orquestada\u201d destinada a \u201cdesestabilizar al gobierno e influir maliciosamente en el proceso electoral\u201d.<\/p>\n\n\n\n<p class=\"wp-block-paragraph\">\u201cEn cuanto a los supuestos audios de Karina Milei: si los audios son verdaderos estamos ante un esc\u00e1ndalo sin precedentes. Ser\u00eda la primera vez en la historia Argentina que se graba a un funcionario dentro de la Casa Rosada\u201d, escribi\u00f3 el legislador porte\u00f1o electo.<\/p>\n\n\n\n<p class=\"wp-block-paragraph\">Y agreg\u00f3: <em>\u201cLa difusi\u00f3n de estos audios, a 10 d\u00edas de la elecci\u00f3n de la provincia de Buenos Aires, confirma que todo lo que viene ocurriendo es una operaci\u00f3n orquestada y diagramada de desinformaci\u00f3n, con el evidente objetivo de desestabilizar al gobierno e influir maliciosamente en el proceso electoral. Fin\u201d.<\/em><\/p>\n\n\n\n<p class=\"wp-block-paragraph\">Los audios emergen en medio del esc\u00e1ndalo por las presuntas coimas en la Agencia Nacional de Discapacidad (ANDIS). A diferencia de las filtraciones previas atribuidas a Diego Spagnuolo, esta vez los registros son se\u00f1alados como pertenecientes a Karina Milei, quien en los fragmentos se refiere a la interna libertaria.<\/p>\n\n\n\n<figure class=\"wp-block-image size-large\"><img loading=\"lazy\" decoding=\"async\" width=\"1024\" height=\"656\" src=\"https:\/\/jotaposta.com.ar\/jposta\/wp-content\/uploads\/2025\/08\/image-14-1024x656.png\" alt=\"\" class=\"wp-image-11635\" srcset=\"https:\/\/jotaposta.com.ar\/jposta\/wp-content\/uploads\/2025\/08\/image-14-1024x656.png 1024w, https:\/\/jotaposta.com.ar\/jposta\/wp-content\/uploads\/2025\/08\/image-14-300x192.png 300w, https:\/\/jotaposta.com.ar\/jposta\/wp-content\/uploads\/2025\/08\/image-14-768x492.png 768w, https:\/\/jotaposta.com.ar\/jposta\/wp-content\/uploads\/2025\/08\/image-14.png 1353w\" sizes=\"auto, (max-width: 1024px) 100vw, 1024px\" \/><\/figure>\n\n\n\n<p class=\"wp-block-paragraph\">En uno de los audios, de apenas ocho segundos, se la escucha decir: \u201cNo vamos a entrar en la pelea, nosotros tenemos que estar unidos\u201d. En otro pasaje se la oye quejarse: \u201cPorque yo entro a las 8 de la ma\u00f1ana y me voy a las 11 de la noche de la Casa Rosada\u201d, en un tono que suena a reproche hacia su interlocutor.<\/p>\n\n\n\n<p class=\"wp-block-paragraph\">La circulaci\u00f3n de estos audios reactiva la pol\u00e9mica sobre filtraciones y seguridad dentro del entorno presidencial y plantea preguntas sobre la veracidad de las grabaciones y su origen. Hasta el momento no hubo confirmaci\u00f3n oficial sobre la autenticidad de los audios ni precisiones sobre una investigaci\u00f3n que determine qui\u00e9n los difundi\u00f3 y con qu\u00e9 prop\u00f3sito.<\/p>\n\n\n\n<p class=\"wp-block-paragraph\">El caso suma tensi\u00f3n a la agenda pol\u00edtica en la semana previa a una elecci\u00f3n clave en la provincia de Buenos Aires y promete seguir en el centro del debate p\u00fablico en las pr\u00f3ximas horas.<\/p>\n","protected":false},"excerpt":{"rendered":"<p>El vocero presidencial Manuel Adorni&nbsp;se pronunci\u00f3 hoy sobre la difusi\u00f3n de audios atribuidos a la secretaria General de la Presidencia,&nbsp;Karina Milei, y advirti\u00f3 que, de confirmarse su autenticidad, se tratar\u00eda de un hecho sin precedentes en la historia argentina: la grabaci\u00f3n de un funcionario dentro de la Casa Rosada. En mensajes publicados en su cuenta &hellip;<\/p>\n","protected":false},"author":1,"featured_media":11635,"comment_status":"open","ping_status":"open","sticky":false,"template":"","format":"standard","meta":{"pagelayer_contact_templates":[],"_pagelayer_content":"","iawp_total_views":8,"footnotes":""},"categories":[4],"tags":[177,6813,321,6868,6875,6879,1027,6802,6871,1466,6873,2310,2311,6867,6874,6877,2900,6878,6872,3365,3439,3572,6869,3601,6870,6876,4986,6824],"class_list":["post-11633","post","type-post","status-publish","format-standard","has-post-thumbnail","hentry","category-actualidad-politica","tag-adorni","tag-agencia-nacional-de-discapacidad","tag-andis","tag-audio-filtrado","tag-audios-milei","tag-caso-spagnuolo","tag-causa-vialidad","tag-coimas","tag-contratos-millonarios","tag-corrupcion","tag-crisis-milei","tag-escandalo-milei","tag-escandalo-politico","tag-filtracion","tag-filtracion-politica","tag-filtraciones-argentina","tag-gobierno-milei","tag-grabaciones-clandestinas","tag-grabaciones-secretas","tag-interna-oficialismo","tag-javier-milei","tag-karina-milei","tag-la-jefa","tag-la-libertad-avanza","tag-lule-menem","tag-poder-en-la-mira","tag-politica-argentina","tag-suizo-argentina"],"_links":{"self":[{"href":"https:\/\/jotaposta.com.ar\/jposta\/wp-json\/wp\/v2\/posts\/11633","targetHints":{"allow":["GET"]}}],"collection":[{"href":"https:\/\/jotaposta.com.ar\/jposta\/wp-json\/wp\/v2\/posts"}],"about":[{"href":"https:\/\/jotaposta.com.ar\/jposta\/wp-json\/wp\/v2\/types\/post"}],"author":[{"embeddable":true,"href":"https:\/\/jotaposta.com.ar\/jposta\/wp-json\/wp\/v2\/users\/1"}],"replies":[{"embeddable":true,"href":"https:\/\/jotaposta.com.ar\/jposta\/wp-json\/wp\/v2\/comments?post=11633"}],"version-history":[{"count":1,"href":"https:\/\/jotaposta.com.ar\/jposta\/wp-json\/wp\/v2\/posts\/11633\/revisions"}],"predecessor-version":[{"id":11636,"href":"https:\/\/jotaposta.com.ar\/jposta\/wp-json\/wp\/v2\/posts\/11633\/revisions\/11636"}],"wp:featuredmedia":[{"embeddable":true,"href":"https:\/\/jotaposta.com.ar\/jposta\/wp-json\/wp\/v2\/media\/11635"}],"wp:attachment":[{"href":"https:\/\/jotaposta.com.ar\/jposta\/wp-json\/wp\/v2\/media?parent=11633"}],"wp:term":[{"taxonomy":"category","embeddable":true,"href":"https:\/\/jotaposta.com.ar\/jposta\/wp-json\/wp\/v2\/categories?post=11633"},{"taxonomy":"post_tag","embeddable":true,"href":"https:\/\/jotaposta.com.ar\/jposta\/wp-json\/wp\/v2\/tags?post=11633"}],"curies":[{"name":"wp","href":"https:\/\/api.w.org\/{rel}","templated":true}]}}