{"id":11618,"date":"2025-08-29T11:01:00","date_gmt":"2025-08-29T11:01:00","guid":{"rendered":"https:\/\/jotaposta.com.ar\/?p=11618"},"modified":"2025-08-30T14:42:51","modified_gmt":"2025-08-30T14:42:51","slug":"la-libertada-no-avanza-karina-milei-y-menem-otra-vez-retirados-entre-insultos-y-corridas-video","status":"publish","type":"post","link":"https:\/\/jotaposta.com.ar\/jposta\/2025\/08\/29\/la-libertada-no-avanza-karina-milei-y-menem-otra-vez-retirados-entre-insultos-y-corridas-video\/","title":{"rendered":"La &#8220;Libertada No Avanza&#8221;: Karina Milei y Menem, otra vez retirados entre insultos y corridas (video)"},"content":{"rendered":"\n<p class=\"wp-block-paragraph\">La campa\u00f1a de La Libertad Avanza en Corrientes termin\u00f3 a los empujones. La caravana que encabezaban <strong>Karina Milei<\/strong> y <strong>Mart\u00edn Menem<\/strong> debi\u00f3 ser evacuada este jueves despu\u00e9s de que un grupo de manifestantes interrumpiera el acto de cierre en pleno centro de la capital provincial.<\/p>\n\n\n\n<figure class=\"wp-block-embed is-type-video is-provider-youtube wp-block-embed-youtube wp-embed-aspect-16-9 wp-has-aspect-ratio\"><div class=\"wp-block-embed__wrapper\">\n<iframe loading=\"lazy\" title=\"\ud83d\udd34 TENSI\u00d3N EN CORRIENTES: CRUCES ENTRE MILITANTES DE LLA Y MANIFESTANTES\" width=\"500\" height=\"281\" src=\"https:\/\/www.youtube.com\/embed\/hEpTwcwlT3I?feature=oembed\" frameborder=\"0\" allow=\"accelerometer; autoplay; clipboard-write; encrypted-media; gyroscope; picture-in-picture; web-share\" referrerpolicy=\"strict-origin-when-cross-origin\" allowfullscreen><\/iframe>\n<\/div><\/figure>\n\n\n\n<p class=\"wp-block-paragraph\">La movida ten\u00eda como objetivo respaldar al candidato a gobernador <strong>Lisandro Almir\u00f3n<\/strong>, pero lo que deb\u00eda ser una caminata proselitista deriv\u00f3 en corridas, insultos y forcejeos que obligaron a retirar a los principales dirigentes bajo custodia.<\/p>\n\n\n\n<p class=\"wp-block-paragraph\">Desde el partido libertario hablaron de una \u201cagresi\u00f3n organizada\u201d y denunciaron \u201cviejas pr\u00e1cticas de la pol\u00edtica\u201d con mujeres y chicos puestos en primera fila como escudo. Menem, desde sus redes, fue m\u00e1s tajante: <em>\u201cTenemos dos caminos: avanzar o dejar el pa\u00eds en manos de los inadaptados de siempre\u201d<\/em>.<\/p>\n\n\n\n<p class=\"wp-block-paragraph\">El dirigente bonaerense <strong>Sebasti\u00e1n Pareja<\/strong> tambi\u00e9n sali\u00f3 a pegarle al kirchnerismo, al que responsabiliz\u00f3 por los ataques en distintos puntos del pa\u00eds: <em>\u201cJun\u00edn, Lomas, la UBA y ahora Corrientes. Saben que se les terminan los curros\u201d<\/em>.<\/p>\n\n\n\n<p class=\"wp-block-paragraph\">Por su parte, Almir\u00f3n busc\u00f3 mostrarse como v\u00edctima de un aparato feudal: <em>\u201cVinieron a patear autos y a ensuciar un acto que hab\u00edamos organizado en paz. El 31 de agosto los correntinos van a elegir libertad en las urnas\u201d<\/em>, asegur\u00f3.<\/p>\n\n\n\n<p class=\"wp-block-paragraph\">Pero la violencia no vino solo de un lado. En medio del descontrol, militantes libertarios agredieron a un camar\u00f3grafo y a una periodista de <strong>A24<\/strong>, mientras la cronista de LN+ Carla Ricciotti discut\u00eda en vivo con el influencer libertario <strong>I\u00f1aki Guti\u00e9rrez<\/strong>.<\/p>\n\n\n\n<p class=\"wp-block-paragraph\">Los incidentes en Corrientes se suman al escrache que <strong>Javier Milei<\/strong> sufri\u00f3 en Lomas de Zamora, donde tambi\u00e9n tuvo que ser evacuado entre corridas y piedrazos. El clima electoral se calienta y, a diez d\u00edas de las elecciones, la violencia empieza a ganar m\u00e1s espacio que las propuestas.<\/p>\n","protected":false},"excerpt":{"rendered":"<p>La campa\u00f1a de La Libertad Avanza en Corrientes termin\u00f3 a los empujones. La caravana que encabezaban Karina Milei y Mart\u00edn Menem debi\u00f3 ser evacuada este jueves despu\u00e9s de que un grupo de manifestantes interrumpiera el acto de cierre en pleno centro de la capital provincial. La movida ten\u00eda como objetivo respaldar al candidato a gobernador &hellip;<\/p>\n","protected":false},"author":1,"featured_media":11619,"comment_status":"open","ping_status":"open","sticky":false,"template":"","format":"standard","meta":{"pagelayer_contact_templates":[],"_pagelayer_content":"","iawp_total_views":13,"footnotes":""},"categories":[4],"tags":[6843,205,887,6846,6836,6840,1465,2151,6839,6837,6838,6842,6845,6835,3439,3572,3583,3601,6844,6834,3789,6841,3987,4145,6663],"class_list":["post-11618","post","type-post","status-publish","format-standard","has-post-thumbnail","hentry","category-actualidad-politica","tag-a24","tag-agresion-a-periodistas","tag-campana-electoral","tag-caos-libertario","tag-cierre-de-campana","tag-corridas","tag-corrientes","tag-elecciones-2025","tag-escrache","tag-evacuacion","tag-forcejeos","tag-golpe","tag-inaki-gutierrez","tag-incidentes","tag-javier-milei","tag-karina-milei","tag-kirchnerismo","tag-la-libertad-avanza","tag-la-nacion","tag-lisandro-almiron","tag-lla","tag-manifestantes","tag-martin-menem","tag-militantes","tag-violencia-politica"],"_links":{"self":[{"href":"https:\/\/jotaposta.com.ar\/jposta\/wp-json\/wp\/v2\/posts\/11618","targetHints":{"allow":["GET"]}}],"collection":[{"href":"https:\/\/jotaposta.com.ar\/jposta\/wp-json\/wp\/v2\/posts"}],"about":[{"href":"https:\/\/jotaposta.com.ar\/jposta\/wp-json\/wp\/v2\/types\/post"}],"author":[{"embeddable":true,"href":"https:\/\/jotaposta.com.ar\/jposta\/wp-json\/wp\/v2\/users\/1"}],"replies":[{"embeddable":true,"href":"https:\/\/jotaposta.com.ar\/jposta\/wp-json\/wp\/v2\/comments?post=11618"}],"version-history":[{"count":1,"href":"https:\/\/jotaposta.com.ar\/jposta\/wp-json\/wp\/v2\/posts\/11618\/revisions"}],"predecessor-version":[{"id":11620,"href":"https:\/\/jotaposta.com.ar\/jposta\/wp-json\/wp\/v2\/posts\/11618\/revisions\/11620"}],"wp:featuredmedia":[{"embeddable":true,"href":"https:\/\/jotaposta.com.ar\/jposta\/wp-json\/wp\/v2\/media\/11619"}],"wp:attachment":[{"href":"https:\/\/jotaposta.com.ar\/jposta\/wp-json\/wp\/v2\/media?parent=11618"}],"wp:term":[{"taxonomy":"category","embeddable":true,"href":"https:\/\/jotaposta.com.ar\/jposta\/wp-json\/wp\/v2\/categories?post=11618"},{"taxonomy":"post_tag","embeddable":true,"href":"https:\/\/jotaposta.com.ar\/jposta\/wp-json\/wp\/v2\/tags?post=11618"}],"curies":[{"name":"wp","href":"https:\/\/api.w.org\/{rel}","templated":true}]}}