{"id":11577,"date":"2025-08-26T02:47:00","date_gmt":"2025-08-26T02:47:00","guid":{"rendered":"https:\/\/jotaposta.com.ar\/jposta\/?p=11577"},"modified":"2025-08-27T02:48:31","modified_gmt":"2025-08-27T02:48:31","slug":"coimasgate-solano-pedira-allanamientos-para-lule-menem-y-los-milei","status":"publish","type":"post","link":"https:\/\/jotaposta.com.ar\/jposta\/2025\/08\/26\/coimasgate-solano-pedira-allanamientos-para-lule-menem-y-los-milei\/","title":{"rendered":"CoimasGate| Solano\u00a0pedir\u00e1 allanamientos para &#8220;Lule&#8221; Menem y los Milei"},"content":{"rendered":"\n<p class=\"wp-block-paragraph\">El candidato a diputado nacional por la Ciudad del Frente de Izquierda<strong>&nbsp;Gabriel Solano<\/strong>&nbsp;se presentar\u00e1 ante el fiscal&nbsp;<strong>Franco Picardi<\/strong>&nbsp;para reclamar que los allanamientos por las presuntas coimas de laboratorios a funcionarios libertarios alcancen a los hermanos Milei y al asesor Eduardo \u201cLule\u201d Menem.&nbsp;<\/p>\n\n\n\n<figure class=\"wp-block-image size-large\"><img loading=\"lazy\" decoding=\"async\" width=\"1024\" height=\"683\" src=\"https:\/\/jotaposta.com.ar\/jposta\/wp-content\/uploads\/2025\/08\/image-4-1024x683.png\" alt=\"\" class=\"wp-image-11578\" srcset=\"https:\/\/jotaposta.com.ar\/jposta\/wp-content\/uploads\/2025\/08\/image-4-1024x683.png 1024w, https:\/\/jotaposta.com.ar\/jposta\/wp-content\/uploads\/2025\/08\/image-4-300x200.png 300w, https:\/\/jotaposta.com.ar\/jposta\/wp-content\/uploads\/2025\/08\/image-4-768x512.png 768w, https:\/\/jotaposta.com.ar\/jposta\/wp-content\/uploads\/2025\/08\/image-4.png 1080w\" sizes=\"auto, (max-width: 1024px) 100vw, 1024px\" \/><\/figure>\n\n\n\n<p class=\"wp-block-paragraph\">En conjunto con la candidata a senadora del espacio por la Primera Secci\u00f3n,&nbsp;<strong>Romina del Pl\u00e1<\/strong>, el legislador porte\u00f1o del&nbsp;<em>Partido Obrero<\/em>&nbsp;(PO), quien es uno de los denunciantes de la causa, le pedir\u00e1 al fiscal interviniente que los allanamientos vayan m\u00e1s all\u00e1 del ex titular de ANDIS, Diego Spagnuolo y los hermanos Kovalivker. &nbsp;<\/p>\n\n\n\n<p class=\"wp-block-paragraph\">\u201cComo ped\u00ed en la presentaci\u00f3n penal, es urgente que se allane no solo a Diego Spagnuolo y los hermanos Kovalivker, propietarios de la droguer\u00eda Suizo Argentina, sino tambi\u00e9n a Karina y Javier Milei y al asesor Lule Menem\u201d, consider\u00f3 Solano.&nbsp;<\/p>\n\n\n\n<p class=\"wp-block-paragraph\">El pedido se realizar\u00e1 luego de que el dirigente del PO los denunciara \u201cprima facie\u201d por la comisi\u00f3n de los delitos de \u201cdefraudaci\u00f3n, fraude contra la administraci\u00f3n p\u00fablica, abuso de autoridad, cohecho pasivo y activo, peculado y lavado de activos\u201d, seg\u00fan indic\u00f3 el FIT-U en un comunicado de prensa.<\/p>\n\n\n\n<p class=\"wp-block-paragraph\">\u201cEn este cuadro, no existen motivos para tomar medidas de prueba sobre s\u00f3lo algunos de los involucrados, dejando de lado a los m\u00e1ximos responsables pol\u00edticos sin los cuales los presuntos delitos no podr\u00edan haberse cometido&#8221;, argument\u00f3 Solano.<\/p>\n","protected":false},"excerpt":{"rendered":"<p>El candidato a diputado nacional por la Ciudad del Frente de Izquierda&nbsp;Gabriel Solano&nbsp;se presentar\u00e1 ante el fiscal&nbsp;Franco Picardi&nbsp;para reclamar que los allanamientos por las presuntas coimas de laboratorios a funcionarios libertarios alcancen a los hermanos Milei y al asesor Eduardo \u201cLule\u201d Menem.&nbsp; En conjunto con la candidata a senadora del espacio por la Primera Secci\u00f3n,&nbsp;Romina &hellip;<\/p>\n","protected":false},"author":1,"featured_media":11578,"comment_status":"open","ping_status":"open","sticky":false,"template":"","format":"standard","meta":{"pagelayer_contact_templates":[],"_pagelayer_content":"","iawp_total_views":4,"footnotes":""},"categories":[4],"tags":[],"class_list":["post-11577","post","type-post","status-publish","format-standard","has-post-thumbnail","hentry","category-actualidad-politica"],"_links":{"self":[{"href":"https:\/\/jotaposta.com.ar\/jposta\/wp-json\/wp\/v2\/posts\/11577","targetHints":{"allow":["GET"]}}],"collection":[{"href":"https:\/\/jotaposta.com.ar\/jposta\/wp-json\/wp\/v2\/posts"}],"about":[{"href":"https:\/\/jotaposta.com.ar\/jposta\/wp-json\/wp\/v2\/types\/post"}],"author":[{"embeddable":true,"href":"https:\/\/jotaposta.com.ar\/jposta\/wp-json\/wp\/v2\/users\/1"}],"replies":[{"embeddable":true,"href":"https:\/\/jotaposta.com.ar\/jposta\/wp-json\/wp\/v2\/comments?post=11577"}],"version-history":[{"count":1,"href":"https:\/\/jotaposta.com.ar\/jposta\/wp-json\/wp\/v2\/posts\/11577\/revisions"}],"predecessor-version":[{"id":11579,"href":"https:\/\/jotaposta.com.ar\/jposta\/wp-json\/wp\/v2\/posts\/11577\/revisions\/11579"}],"wp:featuredmedia":[{"embeddable":true,"href":"https:\/\/jotaposta.com.ar\/jposta\/wp-json\/wp\/v2\/media\/11578"}],"wp:attachment":[{"href":"https:\/\/jotaposta.com.ar\/jposta\/wp-json\/wp\/v2\/media?parent=11577"}],"wp:term":[{"taxonomy":"category","embeddable":true,"href":"https:\/\/jotaposta.com.ar\/jposta\/wp-json\/wp\/v2\/categories?post=11577"},{"taxonomy":"post_tag","embeddable":true,"href":"https:\/\/jotaposta.com.ar\/jposta\/wp-json\/wp\/v2\/tags?post=11577"}],"curies":[{"name":"wp","href":"https:\/\/api.w.org\/{rel}","templated":true}]}}