{"id":11559,"date":"2025-08-27T02:35:00","date_gmt":"2025-08-27T02:35:00","guid":{"rendered":"https:\/\/jotaposta.com.ar\/jposta\/?p=11559"},"modified":"2025-08-27T02:35:00","modified_gmt":"2025-08-27T02:35:00","slug":"coimasgate-martin-menem-admitio-los-vinculos-con-la-firma-suizo-argentina","status":"publish","type":"post","link":"https:\/\/jotaposta.com.ar\/jposta\/2025\/08\/27\/coimasgate-martin-menem-admitio-los-vinculos-con-la-firma-suizo-argentina\/","title":{"rendered":"CoimasGate| Mart\u00edn Menem admiti\u00f3 los v\u00ednculos con la firma Suizo Argentina"},"content":{"rendered":"\n<p class=\"wp-block-paragraph\">En medio del esc\u00e1ndalo por presuntas coimas a partir de grabaciones clandestinas que sacuden al Gobierno, el presidente de la C\u00e1mara de Diputados,&nbsp;<strong>Mart\u00edn Menem<\/strong>, rechaz\u00f3 la veracidad del contenido de los audios difundidos, aunque reconoci\u00f3 que mantiene v\u00ednculos con Jonathan y Emmanuel Kovalivker, due\u00f1os de la firma&nbsp;<strong>Suizo Argentina<\/strong>.<\/p>\n\n\n\n<figure class=\"wp-block-image size-full\"><img loading=\"lazy\" decoding=\"async\" width=\"902\" height=\"675\" src=\"https:\/\/jotaposta.com.ar\/jposta\/wp-content\/uploads\/2025\/08\/image-1.png\" alt=\"\" class=\"wp-image-11561\" srcset=\"https:\/\/jotaposta.com.ar\/jposta\/wp-content\/uploads\/2025\/08\/image-1.png 902w, https:\/\/jotaposta.com.ar\/jposta\/wp-content\/uploads\/2025\/08\/image-1-300x225.png 300w, https:\/\/jotaposta.com.ar\/jposta\/wp-content\/uploads\/2025\/08\/image-1-768x575.png 768w\" sizes=\"auto, (max-width: 902px) 100vw, 902px\" \/><\/figure>\n\n\n\n<p class=\"wp-block-paragraph\">El legislador explic\u00f3 que esa relaci\u00f3n se dio por su&nbsp;<strong>actividad privada en el rubro de suplementos dietarios<\/strong>, deslig\u00e1ndola de cualquier gesti\u00f3n vinculada al Estado.<\/p>\n\n\n\n<p class=\"wp-block-paragraph\">\u201cSe trata de una monumental operaci\u00f3n, a 15 d\u00edas de las elecciones, tal vez del \u00faltimo reducto del kirchnerismo, que es la provincia de Buenos Aires\u201d, sostuvo Menem al ser consultado sobre las filtraciones.<\/p>\n\n\n\n<p class=\"wp-block-paragraph\">En la misma l\u00ednea, remarc\u00f3:&nbsp;<strong>\u201cEs una operaci\u00f3n pensada y dise\u00f1ada, justamente, a dos semanas de las elecciones\u201d<\/strong>, en referencia al impacto pol\u00edtico que puede generar el caso.<\/p>\n","protected":false},"excerpt":{"rendered":"<p>En medio del esc\u00e1ndalo por presuntas coimas a partir de grabaciones clandestinas que sacuden al Gobierno, el presidente de la C\u00e1mara de Diputados,&nbsp;Mart\u00edn Menem, rechaz\u00f3 la veracidad del contenido de los audios difundidos, aunque reconoci\u00f3 que mantiene v\u00ednculos con Jonathan y Emmanuel Kovalivker, due\u00f1os de la firma&nbsp;Suizo Argentina. El legislador explic\u00f3 que esa relaci\u00f3n se &hellip;<\/p>\n","protected":false},"author":1,"featured_media":11560,"comment_status":"open","ping_status":"open","sticky":false,"template":"","format":"standard","meta":{"pagelayer_contact_templates":[],"_pagelayer_content":"","iawp_total_views":10,"footnotes":""},"categories":[4],"tags":[6822,1026,6827,6802,6821,1466,6826,6823,6828,2302,6825,6830,2745,3393,6831,6817,3499,3559,3563,6829,6833,6832,4961,4986,5891,6803,6824],"class_list":["post-11559","post","type-post","status-publish","format-standard","has-post-thumbnail","hentry","category-actualidad-politica","tag-allanamientos","tag-causa-judicial","tag-causa-penal","tag-coimas","tag-coimasgate","tag-corrupcion","tag-delitos-economicos","tag-drogueria","tag-empresarios","tag-escandalo","tag-farmaceuticas","tag-fiscales","tag-fraude","tag-investigacion","tag-investigacion-judicial","tag-irregularidades","tag-jueces","tag-justicia","tag-justicia-federal","tag-lavado-de-dinero","tag-martin-menem-2","tag-megaescandalo","tag-poder-judicial","tag-politica-argentina","tag-sistema-de-salud","tag-sobornos","tag-suizo-argentina"],"_links":{"self":[{"href":"https:\/\/jotaposta.com.ar\/jposta\/wp-json\/wp\/v2\/posts\/11559","targetHints":{"allow":["GET"]}}],"collection":[{"href":"https:\/\/jotaposta.com.ar\/jposta\/wp-json\/wp\/v2\/posts"}],"about":[{"href":"https:\/\/jotaposta.com.ar\/jposta\/wp-json\/wp\/v2\/types\/post"}],"author":[{"embeddable":true,"href":"https:\/\/jotaposta.com.ar\/jposta\/wp-json\/wp\/v2\/users\/1"}],"replies":[{"embeddable":true,"href":"https:\/\/jotaposta.com.ar\/jposta\/wp-json\/wp\/v2\/comments?post=11559"}],"version-history":[{"count":1,"href":"https:\/\/jotaposta.com.ar\/jposta\/wp-json\/wp\/v2\/posts\/11559\/revisions"}],"predecessor-version":[{"id":11562,"href":"https:\/\/jotaposta.com.ar\/jposta\/wp-json\/wp\/v2\/posts\/11559\/revisions\/11562"}],"wp:featuredmedia":[{"embeddable":true,"href":"https:\/\/jotaposta.com.ar\/jposta\/wp-json\/wp\/v2\/media\/11560"}],"wp:attachment":[{"href":"https:\/\/jotaposta.com.ar\/jposta\/wp-json\/wp\/v2\/media?parent=11559"}],"wp:term":[{"taxonomy":"category","embeddable":true,"href":"https:\/\/jotaposta.com.ar\/jposta\/wp-json\/wp\/v2\/categories?post=11559"},{"taxonomy":"post_tag","embeddable":true,"href":"https:\/\/jotaposta.com.ar\/jposta\/wp-json\/wp\/v2\/tags?post=11559"}],"curies":[{"name":"wp","href":"https:\/\/api.w.org\/{rel}","templated":true}]}}