{"id":11348,"date":"2025-08-29T01:16:00","date_gmt":"2025-08-29T01:16:00","guid":{"rendered":"https:\/\/www.jotaposta.com.ar\/?p=11348"},"modified":"2025-08-30T12:41:17","modified_gmt":"2025-08-30T12:41:17","slug":"el-escandalo-en-la-agencia-de-discapacidad-explicado-claves-para-entender-la-causa-de-las-coimas-que-involucran-a-milei-y-su-hermana","status":"publish","type":"post","link":"https:\/\/jotaposta.com.ar\/jposta\/2025\/08\/29\/el-escandalo-en-la-agencia-de-discapacidad-explicado-claves-para-entender-la-causa-de-las-coimas-que-involucran-a-milei-y-su-hermana\/","title":{"rendered":"El esc\u00e1ndalo en la Agencia de Discapacidad explicado: claves para entender la causa de las coimas que involucran a Milei y su hermana"},"content":{"rendered":"\n<p class=\"wp-block-paragraph\">En pol\u00edtica, a veces los secretos se filtran como agua entre las manos. Un audio de apenas cinco minutos alcanz\u00f3 para abrir una grieta que hoy amenaza con arrastrar a la mism\u00edsima Casa Rosada. La voz es de Diego Spagnuolo, exdirector de la Agencia Nacional de Discapacidad (ANDIS) y hombre de confianza del presidente Javier Milei, que en una charla privada desnuda un entramado de coimas, retornos y nombres pesados del poder libertario. Lo que parec\u00eda un murmullo en los pasillos se convirti\u00f3, de golpe, en un grito p\u00fablico.<\/p>\n\n\n\n<hr class=\"wp-block-separator has-css-opacity\"\/>\n\n\n\n<h3 class=\"wp-block-heading\">El disparador: los audios de Spagnuolo<\/h3>\n\n\n\n<p class=\"wp-block-paragraph\">La trama comenz\u00f3 con la difusi\u00f3n de audios en los que Spagnuolo describe un presunto sistema de retornos del <strong>8% en la compra de medicamentos y servicios de salud<\/strong>. All\u00ed se\u00f1ala a <strong>Eduardo \u201cLule\u201d Menem<\/strong> como organizador del esquema, a la <strong>droguer\u00eda Suizo Argentina<\/strong> como engranaje clave y a <strong>Karina Milei<\/strong>, hermana del Presidente, como beneficiaria de una parte de la recaudaci\u00f3n.<br>\nEn la grabaci\u00f3n incluso se lo escucha decir que habl\u00f3 con Javier Milei para advertirle: <em>\u201cSab\u00e9s que est\u00e1n choreando, sab\u00e9s que tu hermana est\u00e1 choreando\u201d<\/em>.<\/p>\n\n\n\n<figure class=\"wp-block-embed is-type-video is-provider-youtube wp-block-embed-youtube wp-embed-aspect-9-16 wp-has-aspect-ratio\"><div class=\"wp-block-embed__wrapper\">\n<iframe loading=\"lazy\" title=\"Los audios de Diego Spagnuolo donde habla sobre &quot;Casos de Corrupci\u00f3n&quot; y por lo que fue Despedido\" width=\"422\" height=\"750\" src=\"https:\/\/www.youtube.com\/embed\/hOErVCq3K0w?feature=oembed\" frameborder=\"0\" allow=\"accelerometer; autoplay; clipboard-write; encrypted-media; gyroscope; picture-in-picture; web-share\" referrerpolicy=\"strict-origin-when-cross-origin\" allowfullscreen><\/iframe>\n<\/div><\/figure>\n\n\n\n<hr class=\"wp-block-separator has-css-opacity\"\/>\n\n\n\n<h3 class=\"wp-block-heading\">Los principales se\u00f1alados<\/h3>\n\n\n<div class=\"wp-block-image\">\n<figure class=\"aligncenter\"><img decoding=\"async\" src=\"https:\/\/fotos.perfil.com\/2025\/08\/22\/trim\/987\/555\/diego-spagnuolo-milei-y-menem-20250822-2085218.jpg\" alt=\"Diego Spagnuolo, Milei y Menem 20250822\"\/><\/figure>\n<\/div>\n\n\n<ul class=\"wp-block-list\">\n<li> <strong>Diego Spagnuolo<\/strong>: abogado, dirigente cercano a Milei desde 2021, con 38 visitas registradas a Olivos. Echado del Gobierno tras la filtraci\u00f3n.  <\/li>\n\n\n\n<li> <strong>Eduardo \u201cLule\u201d Menem<\/strong>: operador pol\u00edtico de Karina Milei y subsecretario de Gesti\u00f3n Institucional. <\/li>\n\n\n\n<li> <strong>Karina Milei<\/strong>: secretaria general de la Presidencia, mencionada como destinataria del 3% de las coimas. <\/li>\n\n\n\n<li> <strong>Familia Kovalivker (Suizo Argentina)<\/strong>: due\u00f1os de la droguer\u00eda con contratos por m\u00e1s de 100 mil millones de pesos con el Estado. <\/li>\n\n\n\n<li> <strong>Daniel Garbellini<\/strong>: director de Acceso a los Servicios de Salud de ANDIS, echado del Gobierno tras la filtraci\u00f3n. <\/li>\n<\/ul>\n\n\n\n<hr class=\"wp-block-separator has-css-opacity\"\/>\n\n\n\n<h3 class=\"wp-block-heading\">El silencio oficial<\/h3>\n\n\n\n<p class=\"wp-block-paragraph\">Hasta el cierre de esta nota, <strong>Javier Milei no se pronunci\u00f3 sobre el caso<\/strong>, a pesar de haber tenido dos apariciones p\u00fablicas tras el estallido del esc\u00e1ndalo.<\/p>\n\n\n\n<ul class=\"wp-block-list\">\n<li> En el <strong>Council of the Americas<\/strong>, con el pa\u00eds esperando una definici\u00f3n sobre la denuncia que rozaba a su hermana, eligi\u00f3 hablar de pol\u00edtica electoral: dijo que el oficialismo deb\u00eda ganar para \u201cponerle el \u00faltimo clavo en el ata\u00fad a los kukas\u201d. <\/li>\n\n\n\n<li> El viernes en Rosario, volvi\u00f3 a hablar en p\u00fablico. Pareci\u00f3 arrancar en tono solemne \u2014\u201cme llena de orgullo y de honor poder estar aqu\u00ed\u2026\u201d\u2014, pero cerr\u00f3 con un comentario ins\u00f3lito: <em>\u201cla volatilidad de la tasa de inter\u00e9s\u201d<\/em>. <\/li>\n<\/ul>\n\n\n<div class=\"wp-block-image\">\n<figure class=\"aligncenter is-resized\"><img decoding=\"async\" src=\"https:\/\/resizer.glanacion.com\/resizer\/v2\/la-grabacion-menciona-a-karina-milei-como-posible-FOITU4RWRJGOHFLHPZJFFUQIII.jpeg?auth=d5261955199e3bebc161b7d23a7b9e348be79d8b05d1b4d59b742e989f5d10ad&amp;width=420&amp;height=315&amp;quality=70&amp;smart=true\" alt=\"La grabaci\u00f3n menciona a Karina Milei como posible beneficiaria de un porcentaje de las coimas\" style=\"width:587px;height:440px\"\/><\/figure>\n<\/div>\n\n\n<p class=\"wp-block-paragraph\">La salida de Spagnuolo del Gobierno tampoco la comunic\u00f3 el Presidente ni su vocero Manuel Adorni. Se trat\u00f3 de un texto subido a la cuenta de <strong>X \u201cVocer\u00eda Presidencial\u201d<\/strong>, sin nadie que pusiera la cara por la decisi\u00f3n. El silencio se replic\u00f3 en el frente digital: ni el \u201cej\u00e9rcito de trolls libertarios\u201d, habitualmente r\u00e1pidos para blindar a Milei, dijeron una palabra sobre el caso.<\/p>\n\n\n<div class=\"wp-block-image\">\n<figure class=\"aligncenter is-resized\"><img decoding=\"async\" src=\"https:\/\/resizer.glanacion.com\/resizer\/v2\/el-gobierno-atribuyo-la-remocion-a-la-evidente-C2HHBVDPDZHPVEO4EAZT5GIT74.png?auth=5d44432eb9d808190d06310d272ca1471675e17b933ceaa5918b9cadf25190e9&amp;width=420&amp;height=245&amp;quality=70&amp;smart=true\" alt=\"El Gobierno atribuy\u00f3 la remoci\u00f3n a la &quot;evidente utilizaci\u00f3n pol\u00edtica de la oposici\u00f3n&quot; (X: @Voceria_Ar)\" style=\"width:575px;height:335px\"\/><\/figure>\n<\/div>\n\n\n<hr class=\"wp-block-separator has-css-opacity\"\/>\n\n\n\n<h3 class=\"wp-block-heading\">La investigaci\u00f3n judicial y los allanamientos<\/h3>\n\n\n\n<p class=\"wp-block-paragraph\">El juez <strong>Sebasti\u00e1n Casanello<\/strong> y el fiscal <strong>Franco Picardi<\/strong> avanzaron con medidas r\u00e1pidas:<\/p>\n\n\n\n<ul class=\"wp-block-list\">\n<li><br>Spagnuolo fue <strong>interceptado por la Polic\u00eda<\/strong> cuando intentaba salir de su domicilio en Pilar. Se le secuestr\u00f3 el celular y se le prohibi\u00f3 salir del pa\u00eds.<br><\/li>\n\n\n\n<li><br>En la madrugada del viernes hubo <strong>14 allanamientos<\/strong>, incluyendo la sede de la ANDIS y la de la <strong>droguer\u00eda Suizo Argentina<\/strong>. Se incaut\u00f3 material vinculado a las compras de medicamentos.<br><\/li>\n\n\n\n<li><br>En Nordelta, en la casa de <strong>Emmanuel Kovalivker<\/strong>, due\u00f1o de la droguer\u00eda, hallaron <strong>266.000 d\u00f3lares y 7 millones de pesos en sobres<\/strong>, adem\u00e1s de su pasaporte y celular.<br><\/li>\n<\/ul>\n\n\n\n<hr class=\"wp-block-separator has-css-opacity\"\/>\n\n\n\n<h3 class=\"wp-block-heading\">5. Lo que est\u00e1 en juego<\/h3>\n\n\n\n<p class=\"wp-block-paragraph\">El esc\u00e1ndalo golpea a un organismo clave: la ANDIS gestiona el <strong>Programa Federal Incluir Salud<\/strong>, que asiste a miles de personas con discapacidad. En los \u00faltimos meses, el programa sufri\u00f3 recortes que dejaron a 100 mil beneficiarios sin cobertura, con la proyecci\u00f3n de llegar a 400 mil. La denuncia, por eso, no solo expone a funcionarios, sino que pone en duda el destino de fondos destinados a los sectores m\u00e1s vulnerables.<\/p>\n\n\n<div class=\"wp-block-image\">\n<figure class=\"aligncenter\"><img decoding=\"async\" src=\"https:\/\/chequeado.com\/wp-content\/uploads\/2025\/08\/Template-Nota-web-1-2-1.webp\" alt=\"Presuntas coimas en Discapacidad: qui\u00e9n es \u201cLule\u201d Menem, el subsecretario  de Karina Milei mencionado en los audios atribuidos a Spagnuolo - Chequeado\"\/><\/figure>\n<\/div>\n\n\n<hr class=\"wp-block-separator has-css-opacity\"\/>\n\n\n\n<p class=\"wp-block-paragraph\">El caso apenas empieza a desplegarse, pero ya dej\u00f3 al descubierto algo m\u00e1s profundo: que la pol\u00edtica, incluso cuando promete ser distinta, se enreda en los viejos mecanismos de la corrupci\u00f3n. Los nombres de Karina Milei y \u201cLule\u201d Menem son los que hoy ocupan los titulares, pero el eco de los audios de Spagnuolo atraviesa los pasillos de la Casa Rosada con la misma fuerza que un secreto mal guardado. Y como en toda historia argentina, la pregunta es siempre la misma: \u00bfse investigar\u00e1 hasta el fondo o quedar\u00e1, otra vez, en la lista de esc\u00e1ndalos que se olvidan con el tiempo?<\/p>\n","protected":false},"excerpt":{"rendered":"<p>En pol\u00edtica, a veces los secretos se filtran como agua entre las manos. Un audio de apenas cinco minutos alcanz\u00f3 para abrir una grieta que hoy amenaza con arrastrar a la mism\u00edsima Casa Rosada. La voz es de Diego Spagnuolo, exdirector de la Agencia Nacional de Discapacidad (ANDIS) y hombre de confianza del presidente Javier &hellip;<\/p>\n","protected":false},"author":1,"featured_media":11550,"comment_status":"open","ping_status":"open","sticky":false,"template":"","format":"standard","meta":{"pagelayer_contact_templates":[],"_pagelayer_content":"","iawp_total_views":12,"footnotes":""},"categories":[4],"tags":[6811,6801,321,6810,1026,6802,1466,1524,6809,6807,2311,6804,6805,6806,3563,4963,4986,6803,6808],"class_list":["post-11348","post","type-post","status-publish","format-standard","has-post-thumbnail","hentry","category-actualidad-politica","tag-administracion-publica","tag-agencia-de-discapacidad","tag-andis","tag-caso-de-coimas","tag-causa-judicial","tag-coimas","tag-corrupcion","tag-crisis-institucional","tag-denuncias-de-corrupcion","tag-desvio-de-fondos","tag-escandalo-politico","tag-fraude-estatal","tag-funcionarios-investigados","tag-gobierno-argentino","tag-justicia-federal","tag-poder-politico","tag-politica-argentina","tag-sobornos","tag-transparencia-publica"],"_links":{"self":[{"href":"https:\/\/jotaposta.com.ar\/jposta\/wp-json\/wp\/v2\/posts\/11348","targetHints":{"allow":["GET"]}}],"collection":[{"href":"https:\/\/jotaposta.com.ar\/jposta\/wp-json\/wp\/v2\/posts"}],"about":[{"href":"https:\/\/jotaposta.com.ar\/jposta\/wp-json\/wp\/v2\/types\/post"}],"author":[{"embeddable":true,"href":"https:\/\/jotaposta.com.ar\/jposta\/wp-json\/wp\/v2\/users\/1"}],"replies":[{"embeddable":true,"href":"https:\/\/jotaposta.com.ar\/jposta\/wp-json\/wp\/v2\/comments?post=11348"}],"version-history":[{"count":1,"href":"https:\/\/jotaposta.com.ar\/jposta\/wp-json\/wp\/v2\/posts\/11348\/revisions"}],"predecessor-version":[{"id":11551,"href":"https:\/\/jotaposta.com.ar\/jposta\/wp-json\/wp\/v2\/posts\/11348\/revisions\/11551"}],"wp:featuredmedia":[{"embeddable":true,"href":"https:\/\/jotaposta.com.ar\/jposta\/wp-json\/wp\/v2\/media\/11550"}],"wp:attachment":[{"href":"https:\/\/jotaposta.com.ar\/jposta\/wp-json\/wp\/v2\/media?parent=11348"}],"wp:term":[{"taxonomy":"category","embeddable":true,"href":"https:\/\/jotaposta.com.ar\/jposta\/wp-json\/wp\/v2\/categories?post=11348"},{"taxonomy":"post_tag","embeddable":true,"href":"https:\/\/jotaposta.com.ar\/jposta\/wp-json\/wp\/v2\/tags?post=11348"}],"curies":[{"name":"wp","href":"https:\/\/api.w.org\/{rel}","templated":true}]}}