{"id":11262,"date":"2025-08-10T09:17:52","date_gmt":"2025-08-10T12:17:52","guid":{"rendered":"https:\/\/www.jotaposta.com.ar\/?p=11262"},"modified":"2025-08-10T09:17:52","modified_gmt":"2025-08-10T12:17:52","slug":"los-duenos-de-la-tierra-una-obra-que-revive-la-lucha-obrera-y-el-amor-en-la-patagonia-de-1921","status":"publish","type":"post","link":"https:\/\/jotaposta.com.ar\/jposta\/2025\/08\/10\/los-duenos-de-la-tierra-una-obra-que-revive-la-lucha-obrera-y-el-amor-en-la-patagonia-de-1921\/","title":{"rendered":"\u201cLos Due\u00f1os de la Tierra\u201d: una obra que revive la lucha obrera y el amor en la Patagonia de 1921"},"content":{"rendered":"\n<p class=\"wp-block-paragraph\">En un momento en que las tensiones sociales y pol\u00edticas vuelven a cobrar relevancia en la Argentina, llega a la cartelera porte\u00f1a una obra emblem\u00e1tica que indaga en las ra\u00edces de esos conflictos. Se trata de <em>Los Due\u00f1os de la Tierra<\/em>, la emblem\u00e1tica pieza del escritor y dramaturgo David Vi\u00f1as, adaptada y dirigida por Marcelo Nacci.<\/p>\n\n\n\n<figure class=\"wp-block-image\"><img decoding=\"async\" src=\"https:\/\/www.jotaposta.com.ar\/wp-content\/uploads\/2025\/08\/unnamed-1.jpg\" alt=\"\" class=\"wp-image-11263\"\/><\/figure>\n\n\n\n<p class=\"wp-block-paragraph\">La puesta en escena retrata la Patagonia de 1921, cuando la huelga obrera contra la oligarqu\u00eda ganadera sacudi\u00f3 la regi\u00f3n y fue reprimida con violencia. En ese marco hist\u00f3rico, la obra narra la compleja relaci\u00f3n entre un abogado radical, mediador en el conflicto, y una maestra jud\u00eda anarquista, que entre la lucha pol\u00edtica y la represi\u00f3n encuentran tambi\u00e9n una fuerte atracci\u00f3n mutua.<\/p>\n\n\n\n<p class=\"wp-block-paragraph\"><em>Los Due\u00f1os de la Tierra<\/em> plantea el eterno choque entre la b\u00fasqueda de justicia y las formas violentas de dominaci\u00f3n, especialmente en la usurpaci\u00f3n de tierras. Pero tambi\u00e9n resalta el amor como esperanza y resistencia ante la brutalidad.<\/p>\n\n\n\n<p class=\"wp-block-paragraph\">David Vi\u00f1as, reconocido referente de la literatura y la cr\u00edtica argentina, dedic\u00f3 buena parte de su obra a denunciar las estructuras olig\u00e1rquicas que marcaron la historia nacional. Su mirada profunda y cr\u00edtica se sostiene en esta pieza como un s\u00edmbolo de la memoria, la resistencia y la dignidad, un legado que contin\u00faa vigente.<\/p>\n\n\n\n<p class=\"wp-block-paragraph\">La obra se estrenar\u00e1 el domingo 7 de septiembre a las 20 hs en El Port\u00f3n de S\u00e1nchez (S\u00e1nchez de Bustamante 1034, CABA), y luego continuar\u00e1 con funciones todos los domingos a la misma hora. Las entradas est\u00e1n disponibles a trav\u00e9s de Alternativa Teatral.<\/p>\n\n\n\n<p class=\"wp-block-paragraph\">Una invitaci\u00f3n para acercarse al teatro que interpela, que recuerda y que conmueve, en tiempos donde repasar el pasado es tambi\u00e9n pensar el presente.<\/p>\n","protected":false},"excerpt":{"rendered":"<p>En un momento en que las tensiones sociales y pol\u00edticas vuelven a cobrar relevancia en la Argentina, llega a la cartelera porte\u00f1a una obra emblem\u00e1tica que indaga en las ra\u00edces de esos conflictos. Se trata de Los Due\u00f1os de la Tierra, la emblem\u00e1tica pieza del escritor y dramaturgo David Vi\u00f1as, adaptada y dirigida por Marcelo &hellip;<\/p>\n","protected":false},"author":1,"featured_media":11263,"comment_status":"open","ping_status":"open","sticky":false,"template":"","format":"standard","meta":{"pagelayer_contact_templates":[],"_pagelayer_content":"","iawp_total_views":9,"footnotes":""},"categories":[5],"tags":[311,1701,2030,2445,3036,3157,3158,3771,3820,3835,3937,4539,4562,4594,5173,5442,6067,6071,6073,6081,6103,6128,6139,6140,6150],"class_list":["post-11262","post","type-post","status-publish","format-standard","has-post-thumbnail","hentry","category-jp-agenda","tag-amor-y-politica-en-teatro","tag-david-vinas-obra-teatral","tag-dramaturgia-argentina","tag-estreno-teatro-buenos-aires","tag-historia-argentina-teatro","tag-huelga-obrera-patagonia","tag-huelga-patagonica","tag-literatura-argentina-contemporanea","tag-los-duenos-de-la-tierra","tag-lucha-obrera-argentina","tag-marcelo-nacci-director","tag-obra-teatro-1921","tag-obras-teatrales-recomendadas-argentina","tag-oligarquia-ganadera","tag-protesta-obrera-en-teatro","tag-represion-obrera","tag-teatro-con-mensaje","tag-teatro-cultural-buenos-aires","tag-teatro-de-david-vinas","tag-teatro-el-porton-de-sanchez","tag-teatro-independiente-buenos-aires","tag-teatro-politico-argentina","tag-teatro-sobre-derechos-humanos","tag-teatro-social-buenos-aires","tag-teatro-y-politica"],"_links":{"self":[{"href":"https:\/\/jotaposta.com.ar\/jposta\/wp-json\/wp\/v2\/posts\/11262","targetHints":{"allow":["GET"]}}],"collection":[{"href":"https:\/\/jotaposta.com.ar\/jposta\/wp-json\/wp\/v2\/posts"}],"about":[{"href":"https:\/\/jotaposta.com.ar\/jposta\/wp-json\/wp\/v2\/types\/post"}],"author":[{"embeddable":true,"href":"https:\/\/jotaposta.com.ar\/jposta\/wp-json\/wp\/v2\/users\/1"}],"replies":[{"embeddable":true,"href":"https:\/\/jotaposta.com.ar\/jposta\/wp-json\/wp\/v2\/comments?post=11262"}],"version-history":[{"count":0,"href":"https:\/\/jotaposta.com.ar\/jposta\/wp-json\/wp\/v2\/posts\/11262\/revisions"}],"wp:attachment":[{"href":"https:\/\/jotaposta.com.ar\/jposta\/wp-json\/wp\/v2\/media?parent=11262"}],"wp:term":[{"taxonomy":"category","embeddable":true,"href":"https:\/\/jotaposta.com.ar\/jposta\/wp-json\/wp\/v2\/categories?post=11262"},{"taxonomy":"post_tag","embeddable":true,"href":"https:\/\/jotaposta.com.ar\/jposta\/wp-json\/wp\/v2\/tags?post=11262"}],"curies":[{"name":"wp","href":"https:\/\/api.w.org\/{rel}","templated":true}]}}