{"id":11026,"date":"2025-07-20T13:26:44","date_gmt":"2025-07-20T16:26:44","guid":{"rendered":"https:\/\/www.jotaposta.com.ar\/?p=11026"},"modified":"2025-07-20T13:26:44","modified_gmt":"2025-07-20T16:26:44","slug":"el-silencio-tambien-es-cultura","status":"publish","type":"post","link":"https:\/\/jotaposta.com.ar\/jposta\/2025\/07\/20\/el-silencio-tambien-es-cultura\/","title":{"rendered":"El silencio tambi\u00e9n es cultura"},"content":{"rendered":"\n<p class=\"wp-block-paragraph\">En una ciudad que no para de hablar, de gritar, de moverse a mil, hay personas que viven el mundo de otro modo. Personas que sienten m\u00e1s, que escuchan m\u00e1s fuerte, que necesitan otras condiciones para habitar lo que para otros es \u201cnormal\u201d. Y esta vez, el teatro se dio cuenta.<\/p>\n\n\n\n<figure class=\"wp-block-image\"><img decoding=\"async\" src=\"https:\/\/www.jotaposta.com.ar\/wp-content\/uploads\/2025\/07\/unnamed-1024x796.jpg\" alt=\"\" class=\"wp-image-11029\"\/><\/figure>\n\n\n\n<p class=\"wp-block-paragraph\">Durante las vacaciones de invierno, el Complejo Teatral de Buenos Aires baja el volumen, apaga los flashes y prende otra luz: la de la inclusi\u00f3n real. No es marketing. Es respeto. Es una funci\u00f3n donde se puede caminar, regular los est\u00edmulos, o simplemente estar.<\/p>\n\n\n\n<p class=\"wp-block-paragraph\">El programa se llama <strong>Cultura Amigable<\/strong>. Y m\u00e1s que amigable, es necesario. Porque hay pibes, familias, adultos, que por a\u00f1os quedaron afuera de experiencias culturales por no cumplir con el molde. Esta vez, el molde se rompe.<\/p>\n\n\n\n<figure class=\"wp-block-image\"><img decoding=\"async\" src=\"https:\/\/www.jotaposta.com.ar\/wp-content\/uploads\/2025\/07\/unnamed-1-1024x684.jpg\" alt=\"\" class=\"wp-image-11030\"\/><\/figure>\n\n\n\n<p class=\"wp-block-paragraph\">Habr\u00e1 obras con auriculares antirruido, zonas de descanso, pictogramas para guiarse, salas con la luz prendida y sin golpes de sonido. Todo pensado para personas con hipersensibilidad sensorial, autismo, neurodivergencias o desaf\u00edos en la comunicaci\u00f3n. Pero, en el fondo, pensado para que nadie se quede afuera.<\/p>\n\n\n\n<figure class=\"wp-block-image\"><img decoding=\"async\" src=\"https:\/\/www.jotaposta.com.ar\/wp-content\/uploads\/2025\/07\/unnamed-3.jpg\" alt=\"\" class=\"wp-image-11028\"\/><\/figure>\n\n\n\n<p class=\"wp-block-paragraph\">Las funciones son gratuitas para quienes presenten su CUD (Certificado \u00danico de Discapacidad) y se reservan online en <a class=\"\" href=\"http:\/\/www.complejoteatral.gob.ar\">www.complejoteatral.gob.ar<\/a>.<\/p>\n\n\n\n<p class=\"wp-block-paragraph\">Estas son las propuestas:<\/p>\n\n\n\n<p class=\"wp-block-paragraph\">\ud83d\udccd <strong>&#8220;Amadeo&#8221;<\/strong>, con m\u00fasica de Mozart \u2013 24 de julio, 15 h \u2013 <em>Sala Casacuberta (Teatro San Mart\u00edn)<\/em><br \/>\n\ud83d\udccd <strong>&#8220;Alejandra y los mundos&#8221;<\/strong>, con t\u00edteres \u2013 24 y 31 de julio, 16 h \u2013 <em>Teatro Regio<\/em><br \/>\n\ud83d\udccd <strong>&#8220;Cuentopos de Gulub\u00fa&#8221;<\/strong>, de Mar\u00eda Elena Walsh \u2013 24 y 31 de julio, 15 h \u2013 <em>Cine Teatro El Plata<\/em><br \/>\n\ud83d\udccd <strong>&#8220;Benito de la Boca&#8221;<\/strong>, sobre Quinquela Mart\u00edn \u2013 31 de julio, 14 h \u2013 <em>Teatro de la Ribera<\/em><\/p>\n\n\n\n<p class=\"wp-block-paragraph\">Esta vez, el aplauso no es lo m\u00e1s fuerte. Y eso tambi\u00e9n es un avance.<\/p>\n","protected":false},"excerpt":{"rendered":"<p>En una ciudad que no para de hablar, de gritar, de moverse a mil, hay personas que viven el mundo de otro modo. Personas que sienten m\u00e1s, que escuchan m\u00e1s fuerte, que necesitan otras condiciones para habitar lo que para otros es \u201cnormal\u201d. Y esta vez, el teatro se dio cuenta. Durante las vacaciones de &hellip;<\/p>\n","protected":false},"author":1,"featured_media":11027,"comment_status":"open","ping_status":"open","sticky":false,"template":"","format":"standard","meta":{"pagelayer_contact_templates":[],"_pagelayer_content":"","iawp_total_views":3,"footnotes":""},"categories":[30],"tags":[124,536,541,800,1588,1613,1614,1953,2260,2386,2783,2786,3032,3258,3714,4152,4389,4903,5141,6075,6080,6101,6104,6123,6133,6135,6492],"class_list":["post-11026","post","type-post","status-publish","format-standard","has-post-thumbnail","hentry","category-vacaciones-de-invierno","tag-actividades-gratis-buenos-aires","tag-auriculares-antirruido","tag-autismo","tag-buenos-aires","tag-cud","tag-cultura-accesible","tag-cultura-amigable","tag-discapacidad","tag-entradas-gratis","tag-espectaculos-accesibles","tag-funciones-amigables","tag-funciones-inclusivas","tag-hipersensibilidad-sensorial","tag-inclusion-cultural","tag-libertad-de-movimiento","tag-ministerio-de-cultura-caba","tag-neurodivergencias","tag-pictogramas","tag-programacion-cultural-caba","tag-teatro-de-la-ribera","tag-teatro-el-plata","tag-teatro-inclusivo","tag-teatro-infantil","tag-teatro-para-todos","tag-teatro-regio","tag-teatro-san-martin","tag-vacaciones-de-invierno"],"_links":{"self":[{"href":"https:\/\/jotaposta.com.ar\/jposta\/wp-json\/wp\/v2\/posts\/11026","targetHints":{"allow":["GET"]}}],"collection":[{"href":"https:\/\/jotaposta.com.ar\/jposta\/wp-json\/wp\/v2\/posts"}],"about":[{"href":"https:\/\/jotaposta.com.ar\/jposta\/wp-json\/wp\/v2\/types\/post"}],"author":[{"embeddable":true,"href":"https:\/\/jotaposta.com.ar\/jposta\/wp-json\/wp\/v2\/users\/1"}],"replies":[{"embeddable":true,"href":"https:\/\/jotaposta.com.ar\/jposta\/wp-json\/wp\/v2\/comments?post=11026"}],"version-history":[{"count":0,"href":"https:\/\/jotaposta.com.ar\/jposta\/wp-json\/wp\/v2\/posts\/11026\/revisions"}],"wp:attachment":[{"href":"https:\/\/jotaposta.com.ar\/jposta\/wp-json\/wp\/v2\/media?parent=11026"}],"wp:term":[{"taxonomy":"category","embeddable":true,"href":"https:\/\/jotaposta.com.ar\/jposta\/wp-json\/wp\/v2\/categories?post=11026"},{"taxonomy":"post_tag","embeddable":true,"href":"https:\/\/jotaposta.com.ar\/jposta\/wp-json\/wp\/v2\/tags?post=11026"}],"curies":[{"name":"wp","href":"https:\/\/api.w.org\/{rel}","templated":true}]}}