{"id":10963,"date":"2025-07-13T09:16:05","date_gmt":"2025-07-13T12:16:05","guid":{"rendered":"https:\/\/www.jotaposta.com.ar\/?p=10963"},"modified":"2025-07-13T09:16:05","modified_gmt":"2025-07-13T12:16:05","slug":"cuando-el-problema-no-es-la-casta-sino-tu-vice","status":"publish","type":"post","link":"https:\/\/jotaposta.com.ar\/jposta\/2025\/07\/13\/cuando-el-problema-no-es-la-casta-sino-tu-vice\/","title":{"rendered":"Cuando el problema no es la casta, sino tu vice"},"content":{"rendered":"\n<p class=\"wp-block-paragraph\"><strong>Por Redacci\u00f3n JotaPosta<\/strong><\/p>\n\n\n\n<p class=\"wp-block-paragraph\">El Senado fue escenario, pero el verdadero espect\u00e1culo suced\u00eda en la trastienda. No se escucharon gritos. No volaron carpetazos. Pero el quiebre se sinti\u00f3 con la contundencia de una cachetada en c\u00e1mara lenta. El oficialismo se parti\u00f3 al medio, y ya nadie se esfuerza por disimularlo.<\/p>\n\n\n\n<figure class=\"wp-block-image\"><img decoding=\"async\" src=\"https:\/\/radioaconquija.com.ar\/wp-content\/uploads\/2025\/07\/tuit.webp\" alt=\"Villarruel afirma que si el oficialismo quiere recortar gastos lo haga \u201cen  viajes y en la SIDE\u201d - Radio A Aconquija\"\/><\/figure>\n\n\n\n<p class=\"wp-block-paragraph\">Javier Milei quer\u00eda vetar. Victoria Villarruel prefiri\u00f3 votar. La diferencia parece sutil, pero defini\u00f3 una noche en la que el Presidente termin\u00f3 derrotado, expuesto y \u2014seg\u00fan cuentan\u2014 furioso. No por una ley, ni por un n\u00famero parlamentario. Furioso con su vice. Porque esta vez no lo acompa\u00f1\u00f3. Y porque, para peor, se anim\u00f3 a explicarlo en voz alta.<\/p>\n\n\n\n<p class=\"wp-block-paragraph\">&#8220;Un jubilado no puede esperar y una discapacitada menos&#8221;, dijo Villarruel tras desempatar la continuidad de la moratoria previsional. M\u00e1s que una frase, fue una l\u00ednea de fractura. No con la oposici\u00f3n, sino con su propio espacio. En paralelo, el Senado rechazaba tambi\u00e9n \u2014por unanimidad\u2014 el veto presidencial al fondo de emergencia para Bah\u00eda Blanca. El discurso de ajuste no encontr\u00f3 eco ni siquiera entre los propios.<\/p>\n\n\n\n<p class=\"wp-block-paragraph\">Desde el entorno presidencial, la calificaron de traidora. Ella respondi\u00f3 con otra daga: &#8220;Que el Presidente ahorre en viajes y en la SIDE&#8221;. Fin del comunicado.<\/p>\n\n\n\n<p class=\"wp-block-paragraph\">Lo que se esconde tras esa frase es una interna que ya no se puede gestionar en off. No hay m\u00e1s reuniones, ni saludos, ni fotos. El 25 de mayo ni siquiera se cruzaron en el Tedeum. El Gobierno libertario lleg\u00f3 al poder con un binomio ins\u00f3lito: uno gritaba desde la motosierra; la otra susurraba desde los cuarteles. Hoy, esa dupla cruje como los cimientos de un edificio sin planos.<\/p>\n\n\n\n<p class=\"wp-block-paragraph\">Villarruel sostiene que su funci\u00f3n es defender la Constituci\u00f3n, no obedecer caprichos. Y deja entrever que hace semanas que no habla con el Presidente. Nadie lo niega. Nadie lo niega porque, a esta altura, ya no es necesario.<\/p>\n\n\n\n<p class=\"wp-block-paragraph\">El poder se mide en gestos, no en tuits. Y lo que pas\u00f3 en el Senado fue exactamente eso: un gesto pol\u00edtico con olor a ultim\u00e1tum. El problema no fue el resultado legislativo, sino el mensaje impl\u00edcito: hay una parte del oficialismo que empieza a jugar su propio juego.<\/p>\n\n\n\n<p class=\"wp-block-paragraph\">Y en ese tablero, el ajedrez de la Rosada se volvi\u00f3 batalla sin aliados.<\/p>\n","protected":false},"excerpt":{"rendered":"<p>Por Redacci\u00f3n JotaPosta El Senado fue escenario, pero el verdadero espect\u00e1culo suced\u00eda en la trastienda. No se escucharon gritos. No volaron carpetazos. Pero el quiebre se sinti\u00f3 con la contundencia de una cachetada en c\u00e1mara lenta. El oficialismo se parti\u00f3 al medio, y ya nadie se esfuerza por disimularlo. Javier Milei quer\u00eda vetar. Victoria Villarruel &hellip;<\/p>\n","protected":false},"author":1,"featured_media":10964,"comment_status":"open","ping_status":"open","sticky":false,"template":"","format":"standard","meta":{"pagelayer_contact_templates":[],"_pagelayer_content":"","iawp_total_views":8,"footnotes":""},"categories":[4],"tags":[224,1382,1529,2312,2704,3364,3439,3496,4109,4121,4125,4128,4130,4133,4134,4136,4137,4139,4221,4986,5777,6550,6585,6597],"class_list":["post-10963","post","type-post","status-publish","format-standard","has-post-thumbnail","hentry","category-actualidad-politica","tag-ajuste-milei","tag-congreso","tag-crisis-oficialismo","tag-escandalo-senado","tag-fondo-bahia-blanca","tag-interna-libertaria","tag-javier-milei","tag-jubilados","tag-milei-congreso","tag-milei-oposicion","tag-milei-redes-sociales","tag-milei-side","tag-milei-traidora","tag-milei-vetos","tag-milei-viaje-gasto","tag-milei-villarruel-pelea","tag-milei-villarruel-ruptura","tag-milei-vs-villarruel","tag-moratoria-previsional","tag-politica-argentina","tag-senado","tag-veto-milei","tag-vice-presidenta","tag-victoria-villarruel"],"_links":{"self":[{"href":"https:\/\/jotaposta.com.ar\/jposta\/wp-json\/wp\/v2\/posts\/10963","targetHints":{"allow":["GET"]}}],"collection":[{"href":"https:\/\/jotaposta.com.ar\/jposta\/wp-json\/wp\/v2\/posts"}],"about":[{"href":"https:\/\/jotaposta.com.ar\/jposta\/wp-json\/wp\/v2\/types\/post"}],"author":[{"embeddable":true,"href":"https:\/\/jotaposta.com.ar\/jposta\/wp-json\/wp\/v2\/users\/1"}],"replies":[{"embeddable":true,"href":"https:\/\/jotaposta.com.ar\/jposta\/wp-json\/wp\/v2\/comments?post=10963"}],"version-history":[{"count":0,"href":"https:\/\/jotaposta.com.ar\/jposta\/wp-json\/wp\/v2\/posts\/10963\/revisions"}],"wp:attachment":[{"href":"https:\/\/jotaposta.com.ar\/jposta\/wp-json\/wp\/v2\/media?parent=10963"}],"wp:term":[{"taxonomy":"category","embeddable":true,"href":"https:\/\/jotaposta.com.ar\/jposta\/wp-json\/wp\/v2\/categories?post=10963"},{"taxonomy":"post_tag","embeddable":true,"href":"https:\/\/jotaposta.com.ar\/jposta\/wp-json\/wp\/v2\/tags?post=10963"}],"curies":[{"name":"wp","href":"https:\/\/api.w.org\/{rel}","templated":true}]}}