{"id":10929,"date":"2025-07-06T09:35:59","date_gmt":"2025-07-06T12:35:59","guid":{"rendered":"https:\/\/www.jotaposta.com.ar\/?p=10929"},"modified":"2025-10-12T18:01:17","modified_gmt":"2025-10-12T18:01:17","slug":"infancias-en-el-limbo-diputada-carrizo-impulsa-una-ley-nacional-para-la-restitucion-internacional-de-menores","status":"publish","type":"post","link":"https:\/\/jotaposta.com.ar\/jposta\/2025\/07\/06\/infancias-en-el-limbo-diputada-carrizo-impulsa-una-ley-nacional-para-la-restitucion-internacional-de-menores\/","title":{"rendered":"Infancias en el limbo: Diputada Carrizo impulsa una ley nacional para la restituci\u00f3n internacional de menores"},"content":{"rendered":"\n<p class=\"wp-block-paragraph\">El martes 1\u00b0 de julio a las 11 h, el Sal\u00f3n Blanco del Congreso fue sede de una jornada legislativa clave para los derechos de la infancia. Bajo el t\u00edtulo <em>\u201cRestituci\u00f3n Internacional de menores: debates y propuestas para una ley nacional\u201d<\/em>, las diputadas Soledad Carrizo y Florencia De Sensi presentaron proyectos de ley que buscan unificar y agilizar los procesos de restituci\u00f3n internacional de ni\u00f1as, ni\u00f1os y adolescentes, as\u00ed como los reg\u00edmenes de visitas o contacto internacional.<\/p>\n\n\n\n<figure class=\"wp-block-image\"><img decoding=\"async\" src=\"https:\/\/www.jotaposta.com.ar\/wp-content\/uploads\/2025\/07\/DSC_2723-1024x678.jpg\" alt=\"\" class=\"wp-image-10935\"\/><\/figure>\n\n\n\n<p class=\"wp-block-paragraph\">La propuesta no es menor: se trata de dar respuesta concreta y legal a una deuda hist\u00f3rica. Hoy, sin una ley nacional que regule de manera uniforme estos procedimientos, las infancias atrapadas en conflictos parentales transnacionales quedan expuestas a incertidumbres, tr\u00e1mites desiguales y fallos judiciales que llegan tarde, cuando ya nada puede repararse del todo.<\/p>\n\n\n\n<h3 class=\"wp-block-heading\">\u201cLos ni\u00f1os no pueden esperar\u201d<\/h3>\n\n\n\n<p class=\"wp-block-paragraph\">La diputada <strong>Soledad Carrizo<\/strong>, autora del proyecto (Exp. 3290-D-2024), abri\u00f3 la jornada con una afirmaci\u00f3n contundente:<\/p>\n\n\n\n<blockquote class=\"wp-block-quote is-layout-flow wp-block-quote-is-layout-flow\"><p>\u201cEsta es una deuda con las infancias, con la desprotecci\u00f3n que generamos a ni\u00f1os, ni\u00f1as y adolescentes&#8230; queremos lograr un protocolo para su restituci\u00f3n cuando han sido sustra\u00eddos del pa\u00eds de forma ilegal o retenidos m\u00e1s all\u00e1 de lo permitido\u201d.<\/p><\/blockquote>\n\n\n\n<figure class=\"wp-block-image\"><img decoding=\"async\" src=\"https:\/\/www.jotaposta.com.ar\/wp-content\/uploads\/2025\/07\/DSC_2756-1024x678.jpg\" alt=\"\" class=\"wp-image-10936\"\/><\/figure>\n\n\n\n<p class=\"wp-block-paragraph\">A su lado, <strong>Florencia De Sensi<\/strong>, coautora de un segundo proyecto (Exp. 3879-D-2024), subray\u00f3 la urgencia de unificar el criterio:<\/p>\n\n\n\n<blockquote class=\"wp-block-quote is-layout-flow wp-block-quote-is-layout-flow\"><p>\u201cHoy tenemos un sistema fragmentado. Algunas provincias han adherido al Protocolo, otras no tienen herramientas. Esto genera demoras y, peor a\u00fan, incumplimientos. El Congreso debe estar a la altura\u201d.<\/p><\/blockquote>\n\n\n\n<h3 class=\"wp-block-heading\">Un reclamo desde la justicia, la diplomacia y la experiencia<\/h3>\n\n\n\n<p class=\"wp-block-paragraph\">El encuentro cont\u00f3 con la participaci\u00f3n de funcionarias clave, juezas, docentes de derecho y figuras con una fuerte carga simb\u00f3lica, como <strong>Gabriela Arias Uriburu<\/strong>, quien atraves\u00f3 en carne propia un proceso de restituci\u00f3n internacional que conmocion\u00f3 al pa\u00eds.<\/p>\n\n\n\n<figure class=\"wp-block-image\"><img decoding=\"async\" src=\"https:\/\/www.jotaposta.com.ar\/wp-content\/uploads\/2025\/07\/DSC_2837-1024x678.jpg\" alt=\"\" class=\"wp-image-10933\"\/><\/figure>\n\n\n\n<p class=\"wp-block-paragraph\">Desde el Ministerio de Relaciones Exteriores, <strong>Aldana Roar<\/strong> y <strong>Yamila Barberis<\/strong> coincidieron en la necesidad de una legislaci\u00f3n que articule las jurisdicciones provinciales y garantice un lenguaje com\u00fan entre pa\u00edses. \u201cLos convenios internacionales son puentes, no barreras\u201d, dijo Roar. Para Barberis, sin unificaci\u00f3n legislativa, \u201cla justicia infantil es una promesa vac\u00eda\u201d.<\/p>\n\n\n\n<figure class=\"wp-block-image\"><img decoding=\"async\" src=\"https:\/\/www.jotaposta.com.ar\/wp-content\/uploads\/2025\/07\/DSC_2813-1024x678.jpg\" alt=\"\" class=\"wp-image-10930\"\/><\/figure>\n\n\n\n<p class=\"wp-block-paragraph\">La jueza <strong>Graciela Tagle<\/strong>, referente nacional en la Red de Jueces de La Haya, cit\u00f3 los avances de C\u00f3rdoba y Uruguay como ejemplos de eficacia legal y compromiso institucional:<\/p>\n\n\n\n<blockquote class=\"wp-block-quote is-layout-flow wp-block-quote-is-layout-flow\"><p>\u201cLos jueces deben ser directores activos del proceso. La justicia tard\u00eda no es justicia\u201d.<\/p><\/blockquote>\n\n\n\n<p class=\"wp-block-paragraph\">La acad\u00e9mica <strong>Mariela Rabino<\/strong> fue clara:<\/p>\n\n\n\n<blockquote class=\"wp-block-quote is-layout-flow wp-block-quote-is-layout-flow\"><p>\u201cNo se trata de adherir a lo que ya existe. Se trata de construir una ley uniforme, con faros visibles, que proteja derechos y no los vulnere\u201d.<\/p><\/blockquote>\n\n\n\n<figure class=\"wp-block-image\"><img decoding=\"async\" src=\"https:\/\/www.jotaposta.com.ar\/wp-content\/uploads\/2025\/07\/DSC_2828-1024x678.jpg\" alt=\"\" class=\"wp-image-10931\"\/><\/figure>\n\n\n\n<h3 class=\"wp-block-heading\">El trauma de los ni\u00f1os, en primera persona<\/h3>\n\n\n\n<p class=\"wp-block-paragraph\">Gabriela Arias Uriburu aport\u00f3 el testimonio m\u00e1s crudo y humano:<\/p>\n\n\n\n<blockquote class=\"wp-block-quote is-layout-flow wp-block-quote-is-layout-flow\"><p>\u201cUn ni\u00f1o arrancado por la Interpol, sin entender nada, luego vuelto a arrancar por la justicia. \u00bfQui\u00e9n repara eso? Sin un protocolo real, no podemos protegerlos\u201d.<\/p><\/blockquote>\n\n\n\n<figure class=\"wp-block-image\"><img decoding=\"async\" src=\"https:\/\/www.jotaposta.com.ar\/wp-content\/uploads\/2025\/07\/DSC_2719-1024x678.jpg\" alt=\"\" class=\"wp-image-10934\"\/><\/figure>\n\n\n\n<p class=\"wp-block-paragraph\">Su relato no solo record\u00f3 la gravedad de estos casos, sino tambi\u00e9n la responsabilidad de los adultos, de la pol\u00edtica y del sistema judicial. \u201cPusimos a los ni\u00f1os en el centro. \u00bfPor qu\u00e9 dejamos de hacerlo?\u201d, pregunt\u00f3.<\/p>\n\n\n\n<hr class=\"wp-block-separator\"\/>\n\n\n\n<figure class=\"wp-block-image\"><img decoding=\"async\" src=\"https:\/\/www.jotaposta.com.ar\/wp-content\/uploads\/2025\/07\/DSC_2837-1024x678.jpg\" alt=\"\" class=\"wp-image-10933\"\/><\/figure>\n\n\n\n<h3 class=\"wp-block-heading\"><strong>Una ley para que los chicos no esperen m\u00e1s<\/strong><\/h3>\n\n\n\n<p class=\"wp-block-paragraph\">La restituci\u00f3n internacional de menores no puede seguir dependiendo del c\u00f3digo procesal de cada provincia ni de la buena voluntad de cada juez. La infancia necesita herramientas claras, \u00e1giles y humanizadas. Estos proyectos de ley, que retoman trabajos anteriores y suman miradas actuales, pueden ser el inicio de una respuesta estatal a la altura del da\u00f1o que se intenta reparar.<\/p>\n\n\n\n<p class=\"wp-block-paragraph\">Argentina ya asumi\u00f3 compromisos internacionales. Ahora, tiene que cumplirlos.<\/p>\n","protected":false},"excerpt":{"rendered":"<p>El martes 1\u00b0 de julio a las 11 h, el Sal\u00f3n Blanco del Congreso fue sede de una jornada legislativa clave para los derechos de la infancia. Bajo el t\u00edtulo \u201cRestituci\u00f3n Internacional de menores: debates y propuestas para una ley nacional\u201d, las diputadas Soledad Carrizo y Florencia De Sensi presentaron proyectos de ley que buscan &hellip;<\/p>\n","protected":false},"author":1,"featured_media":10937,"comment_status":"open","ping_status":"open","sticky":false,"template":"","format":"standard","meta":{"pagelayer_contact_templates":[],"_pagelayer_content":"","iawp_total_views":9,"footnotes":""},"categories":[4,25],"tags":[242,1384,1421,1443,1474,1767,1773,2587,2696,2825,2917,3280,3282,3461,3568,3599,3699,3962,4155,5175,5399,5475,5928,6008,6749],"class_list":["post-10929","post","type-post","status-publish","format-standard","has-post-thumbnail","hentry","category-actualidad-politica","category-resumen-de-noticias","tag-aldana-roar","tag-congreso-argentina","tag-contacto-internacional","tag-convencion-derechos-del-nino","tag-corte-suprema","tag-derecho-internacional-privado","tag-derechos-del-nino","tag-familia-y-legislacion","tag-florencia-de-sensi","tag-gabriela-arias-uriburu","tag-graciela-tagle","tag-infancia-y-justicia","tag-infancias-protegidas","tag-jornada-legislativa-menores","tag-justicia-tardia","tag-la-haya","tag-ley-nacional-restitucion-menores","tag-mariela-rabino","tag-ministerio-de-relaciones-exteriores","tag-protocolo-restitucion-menores","tag-regimen-de-visitas-internacional","tag-restitucion-internacional-de-menores","tag-soledad-carrizo","tag-sustraccion-parental","tag-yamila-barberis"],"_links":{"self":[{"href":"https:\/\/jotaposta.com.ar\/jposta\/wp-json\/wp\/v2\/posts\/10929","targetHints":{"allow":["GET"]}}],"collection":[{"href":"https:\/\/jotaposta.com.ar\/jposta\/wp-json\/wp\/v2\/posts"}],"about":[{"href":"https:\/\/jotaposta.com.ar\/jposta\/wp-json\/wp\/v2\/types\/post"}],"author":[{"embeddable":true,"href":"https:\/\/jotaposta.com.ar\/jposta\/wp-json\/wp\/v2\/users\/1"}],"replies":[{"embeddable":true,"href":"https:\/\/jotaposta.com.ar\/jposta\/wp-json\/wp\/v2\/comments?post=10929"}],"version-history":[{"count":1,"href":"https:\/\/jotaposta.com.ar\/jposta\/wp-json\/wp\/v2\/posts\/10929\/revisions"}],"predecessor-version":[{"id":12206,"href":"https:\/\/jotaposta.com.ar\/jposta\/wp-json\/wp\/v2\/posts\/10929\/revisions\/12206"}],"wp:attachment":[{"href":"https:\/\/jotaposta.com.ar\/jposta\/wp-json\/wp\/v2\/media?parent=10929"}],"wp:term":[{"taxonomy":"category","embeddable":true,"href":"https:\/\/jotaposta.com.ar\/jposta\/wp-json\/wp\/v2\/categories?post=10929"},{"taxonomy":"post_tag","embeddable":true,"href":"https:\/\/jotaposta.com.ar\/jposta\/wp-json\/wp\/v2\/tags?post=10929"}],"curies":[{"name":"wp","href":"https:\/\/api.w.org\/{rel}","templated":true}]}}