{"id":10921,"date":"2025-07-06T08:02:00","date_gmt":"2025-07-06T11:02:00","guid":{"rendered":"https:\/\/www.jotaposta.com.ar\/?p=10921"},"modified":"2025-07-06T08:02:00","modified_gmt":"2025-07-06T11:02:00","slug":"el-historico-nacional-buenos-aires-en-paro-sueldos-destruidos-aulas-vacias-y-un-conflicto-que-ya-huele-a-crisis-nacional","status":"publish","type":"post","link":"https:\/\/jotaposta.com.ar\/jposta\/2025\/07\/06\/el-historico-nacional-buenos-aires-en-paro-sueldos-destruidos-aulas-vacias-y-un-conflicto-que-ya-huele-a-crisis-nacional\/","title":{"rendered":"El hist\u00f3rico Nacional Buenos Aires en paro: sueldos destruidos, aulas vac\u00edas y un conflicto que ya huele a crisis nacional"},"content":{"rendered":"\n<p class=\"wp-block-paragraph\">Durante esta semana, uno de los colegios m\u00e1s emblem\u00e1ticos del pa\u00eds, el Nacional Buenos Aires, no abrir\u00e1 sus aulas. Pero no se trata de un feriado, ni de un problema edilicio, ni de una emergencia clim\u00e1tica. Es un paro total, decidido en asamblea por sus docentes, que denuncian estar cobrando sueldos de hambre mientras la inflaci\u00f3n sigue arrasando.<\/p>\n\n\n\n<p class=\"wp-block-paragraph\">La protesta, que va del lunes 7 al viernes 11 de julio, incluye clases p\u00fablicas y actividades frente a la puerta del colegio. Los docentes buscan visibilizar lo que califican como una situaci\u00f3n l\u00edmite: desde octubre del a\u00f1o pasado, el Gobierno Nacional no se sienta a negociar. Mientras tanto, los sueldos siguen cayendo: ya est\u00e1n un 40% por debajo de los niveles de noviembre de 2023.<\/p>\n\n\n\n<p class=\"wp-block-paragraph\">\u201cLa situaci\u00f3n salarial es dram\u00e1tica\u201d, resumi\u00f3 Nicol\u00e1s Garc\u00eda Roel, secretario general del gremio AGD-CNBA. Dram\u00e1tica, literal: docentes que renuncian porque no les alcanza, horas vacantes imposibles de cubrir, y una obra social universitaria en decadencia. A eso se suma un dato tan contundente como indignante: en el CNBA se cobra hasta un 30% menos que en escuelas de la Ciudad por el mismo trabajo.<\/p>\n\n\n\n<p class=\"wp-block-paragraph\">\u201cLa inflaci\u00f3n no par\u00f3, pero los aumentos s\u00ed: recibimos un 0% el \u00faltimo mes\u201d, explic\u00f3 Garc\u00eda Roel. Y ese &#8220;cero&#8221; no es simb\u00f3lico, es literal.<\/p>\n\n\n\n<p class=\"wp-block-paragraph\">El paro no es solo una medida de fuerza: es tambi\u00e9n una invitaci\u00f3n. A estudiantes, a familias, a ciudadanos. Por eso, el lunes y el jueves habr\u00e1 clases p\u00fablicas frente al colegio. El conflicto ya no es solo docente: toca de lleno a la comunidad educativa y, por extensi\u00f3n, a toda la UBA.<\/p>\n\n\n\n<p class=\"wp-block-paragraph\">Porque detr\u00e1s de esta historia hay algo m\u00e1s profundo: si el Gobierno no reconoce que las escuelas medias forman parte del sistema universitario, lo que est\u00e1 en riesgo no es un salario, es la educaci\u00f3n p\u00fablica. Y la amenaza no es menor: si no hay respuestas, los docentes eval\u00faan no retomar las clases despu\u00e9s del receso invernal<\/p>\n","protected":false},"excerpt":{"rendered":"<p>Durante esta semana, uno de los colegios m\u00e1s emblem\u00e1ticos del pa\u00eds, el Nacional Buenos Aires, no abrir\u00e1 sus aulas. Pero no se trata de un feriado, ni de un problema edilicio, ni de una emergencia clim\u00e1tica. Es un paro total, decidido en asamblea por sus docentes, que denuncian estar cobrando sueldos de hambre mientras la &hellip;<\/p>\n","protected":false},"author":1,"featured_media":10922,"comment_status":"open","ping_status":"open","sticky":false,"template":"","format":"standard","meta":{"pagelayer_contact_templates":[],"_pagelayer_content":"","iawp_total_views":5,"footnotes":""},"categories":[4],"tags":[191,228,1176,1207,1230,1366,1377,1520,2002,2003,2090,2900,3288,4397,4732,4734,4738,4745,4746,5303,5344,5636,5639,6475],"class_list":["post-10921","post","type-post","status-publish","format-standard","has-post-thumbnail","hentry","category-actualidad-politica","tag-agd-cnba","tag-ajuste-salarial","tag-clases-publicas","tag-cnba","tag-colegio-nacional-buenos-aires","tag-conflicto-educativo","tag-conflicto-salarial","tag-crisis-en-la-uba","tag-docentes-en-lucha","tag-docentes-uba","tag-educacion-publica","tag-gobierno-milei","tag-inflacion-argentina","tag-nicolas-garcia-roel","tag-paro-docente","tag-paro-escuelas-medias","tag-paro-nacional-buenos-aires","tag-paro-uba","tag-paro-universidades","tag-receso-invernal","tag-recorte-educativo","tag-salario-docente","tag-salarios-congelados","tag-universidades-en-crisis"],"_links":{"self":[{"href":"https:\/\/jotaposta.com.ar\/jposta\/wp-json\/wp\/v2\/posts\/10921","targetHints":{"allow":["GET"]}}],"collection":[{"href":"https:\/\/jotaposta.com.ar\/jposta\/wp-json\/wp\/v2\/posts"}],"about":[{"href":"https:\/\/jotaposta.com.ar\/jposta\/wp-json\/wp\/v2\/types\/post"}],"author":[{"embeddable":true,"href":"https:\/\/jotaposta.com.ar\/jposta\/wp-json\/wp\/v2\/users\/1"}],"replies":[{"embeddable":true,"href":"https:\/\/jotaposta.com.ar\/jposta\/wp-json\/wp\/v2\/comments?post=10921"}],"version-history":[{"count":0,"href":"https:\/\/jotaposta.com.ar\/jposta\/wp-json\/wp\/v2\/posts\/10921\/revisions"}],"wp:attachment":[{"href":"https:\/\/jotaposta.com.ar\/jposta\/wp-json\/wp\/v2\/media?parent=10921"}],"wp:term":[{"taxonomy":"category","embeddable":true,"href":"https:\/\/jotaposta.com.ar\/jposta\/wp-json\/wp\/v2\/categories?post=10921"},{"taxonomy":"post_tag","embeddable":true,"href":"https:\/\/jotaposta.com.ar\/jposta\/wp-json\/wp\/v2\/tags?post=10921"}],"curies":[{"name":"wp","href":"https:\/\/api.w.org\/{rel}","templated":true}]}}