{"id":10853,"date":"2025-07-03T17:05:03","date_gmt":"2025-07-03T20:05:03","guid":{"rendered":"https:\/\/www.jotaposta.com.ar\/?p=10853"},"modified":"2025-07-03T17:05:03","modified_gmt":"2025-07-03T20:05:03","slug":"llega-vinilo-infancias-teatro-y-cuentos-sensoriales-para-disfrutar-con-bebes-estas-vacaciones","status":"publish","type":"post","link":"https:\/\/jotaposta.com.ar\/jposta\/2025\/07\/03\/llega-vinilo-infancias-teatro-y-cuentos-sensoriales-para-disfrutar-con-bebes-estas-vacaciones\/","title":{"rendered":"Llega Vinilo Infancias: teatro y cuentos sensoriales para disfrutar con beb\u00e9s estas vacaciones"},"content":{"rendered":"\n<p class=\"wp-block-paragraph\"><strong>Caf\u00e9 Vinilo<\/strong> abre sus puertas a los m\u00e1s peque\u00f1os con el estreno de <em>\u201cAcariciando cuentos\u201d<\/em>, una experiencia po\u00e9tica y sensorial que inaugura el espacio <strong>Vinilo Infancias<\/strong>, pensado especialmente para la primera infancia.<\/p>\n\n\n\n<p class=\"wp-block-paragraph\">Este <strong>s\u00e1bado 5 de julio<\/strong>, el emblem\u00e1tico espacio cultural del barrio de San Crist\u00f3bal lanza su ciclo dedicado a beb\u00e9s y ni\u00f1os de hasta 2 a\u00f1os y medio, con funciones adaptadas por edades: a las <strong>15:00 h para gateadores de 6 a 15 meses<\/strong>, y a las <strong>16:30 h para deambuladores de 18 meses a 2 a\u00f1os y medio<\/strong>.<\/p>\n\n\n\n<figure class=\"wp-block-image\"><img decoding=\"async\" src=\"https:\/\/i0.wp.com\/clubplanetario.com\/wp-content\/uploads\/2025\/06\/acariciandocuentos.png?fit=551%2C506&amp;ssl=1\" alt=\"Acariciando cuentos - Club Planetario\"\/><\/figure>\n\n\n\n<p class=\"wp-block-paragraph\">La propuesta nace de la mano de <strong>Rosina Calabria y Marisa Gambone<\/strong>, quienes invitan a las familias a sumergirse en un universo de cuentos narrados, cantados y jugados. Lejos de una puesta tradicional, <em>\u201cAcariciando cuentos\u201d<\/em> es una experiencia l\u00fadica y art\u00edstica donde la palabra, el cuerpo y la m\u00fasica se entrelazan para estimular los sentidos y la conexi\u00f3n afectiva.<\/p>\n\n\n\n<p class=\"wp-block-paragraph\">Bajo la producci\u00f3n de <strong>UPA, teatro para beb\u00e9s<\/strong>, y con el respaldo de los gestores culturales <strong>Teresa Rodr\u00edguez y Eduardo Misch<\/strong>, el ciclo propone espect\u00e1culos con \u201cintensidades delicadas\u201d y participaci\u00f3n activa, respetando los tiempos y necesidades de los m\u00e1s chicos.<\/p>\n\n\n\n<p class=\"wp-block-paragraph\">Las entradas cuestan $12.000 e incluyen a un adulto con su beb\u00e9 o ni\u00f1e. Los adultos adicionales abonan $6.000. Se pueden adquirir en <a class=\"\" href=\"http:\/\/www.cafevinilo.com.ar\">www.cafevinilo.com.ar<\/a> o a trav\u00e9s de <a class=\"\" href=\"https:\/\/www.alternativateatral.com\">Alternativa Teatral<\/a>.<\/p>\n\n\n\n<p class=\"wp-block-paragraph\">Una invitaci\u00f3n amorosa al arte desde los primeros meses de vida.<\/p>\n\n\n\n<p class=\"wp-block-paragraph\"> Caf\u00e9 Vinilo \u2013 Estados Unidos 2483, San Crist\u00f3bal<br \/> IG: <a class=\"\" href=\"https:\/\/www.instagram.com\/ro.ludica\">@ro.ludica<\/a>, <a class=\"\" href=\"https:\/\/www.instagram.com\/sonamosmarisagambone\">@sonamosmarisagambone<\/a>, <a class=\"\" href=\"https:\/\/www.instagram.com\/proyectoupa\">@proyectoupa<\/a><br \/> Producci\u00f3n general: Gabriela Hillar \u2013 Proyecto UPA<br \/>Prensa: Adriana Schottlender<\/p>\n\n\n\n<p class=\"wp-block-paragraph\"><\/p>\n","protected":false},"excerpt":{"rendered":"<p>Caf\u00e9 Vinilo abre sus puertas a los m\u00e1s peque\u00f1os con el estreno de \u201cAcariciando cuentos\u201d, una experiencia po\u00e9tica y sensorial que inaugura el espacio Vinilo Infancias, pensado especialmente para la primera infancia. Este s\u00e1bado 5 de julio, el emblem\u00e1tico espacio cultural del barrio de San Crist\u00f3bal lanza su ciclo dedicado a beb\u00e9s y ni\u00f1os de &hellip;<\/p>\n","protected":false},"author":1,"featured_media":10854,"comment_status":"open","ping_status":"open","sticky":false,"template":"","format":"standard","meta":{"pagelayer_contact_templates":[],"_pagelayer_content":"","iawp_total_views":12,"footnotes":""},"categories":[30],"tags":[109,130,438,681,805,843,1599,1601,1646,2393,2425,2487,2527,4333,4354,4928,4966,5103,5158,5191,6092,6118,6126,6138,6644],"class_list":["post-10853","post","type-post","status-publish","format-standard","has-post-thumbnail","hentry","category-vacaciones-de-invierno","tag-actividades-con-bebes","tag-actividades-para-familias","tag-arte-para-ninos","tag-bebes","tag-buenos-aires-con-ninos","tag-cafe-vinilo","tag-cuentos-para-bebes","tag-cuentos-sensoriales","tag-cultura-para-infancias","tag-espectaculos-infantiles","tag-estimulacion-temprana","tag-eventos-infantiles","tag-experiencias-ludicas","tag-musica-y-cuentos","tag-narracion-oral","tag-planes-con-bebes","tag-poesia-para-ninos","tag-primera-infancia","tag-propuestas-culturales-infantiles","tag-proyecto-upa","tag-teatro-en-san-cristobal","tag-teatro-para-bebes","tag-teatro-poetico","tag-teatro-sensorial","tag-vinilo-infancias"],"_links":{"self":[{"href":"https:\/\/jotaposta.com.ar\/jposta\/wp-json\/wp\/v2\/posts\/10853","targetHints":{"allow":["GET"]}}],"collection":[{"href":"https:\/\/jotaposta.com.ar\/jposta\/wp-json\/wp\/v2\/posts"}],"about":[{"href":"https:\/\/jotaposta.com.ar\/jposta\/wp-json\/wp\/v2\/types\/post"}],"author":[{"embeddable":true,"href":"https:\/\/jotaposta.com.ar\/jposta\/wp-json\/wp\/v2\/users\/1"}],"replies":[{"embeddable":true,"href":"https:\/\/jotaposta.com.ar\/jposta\/wp-json\/wp\/v2\/comments?post=10853"}],"version-history":[{"count":0,"href":"https:\/\/jotaposta.com.ar\/jposta\/wp-json\/wp\/v2\/posts\/10853\/revisions"}],"wp:attachment":[{"href":"https:\/\/jotaposta.com.ar\/jposta\/wp-json\/wp\/v2\/media?parent=10853"}],"wp:term":[{"taxonomy":"category","embeddable":true,"href":"https:\/\/jotaposta.com.ar\/jposta\/wp-json\/wp\/v2\/categories?post=10853"},{"taxonomy":"post_tag","embeddable":true,"href":"https:\/\/jotaposta.com.ar\/jposta\/wp-json\/wp\/v2\/tags?post=10853"}],"curies":[{"name":"wp","href":"https:\/\/api.w.org\/{rel}","templated":true}]}}