{"id":10803,"date":"2025-06-24T12:37:25","date_gmt":"2025-06-24T15:37:25","guid":{"rendered":"https:\/\/www.jotaposta.com.ar\/?p=10803"},"modified":"2025-06-24T12:37:25","modified_gmt":"2025-06-24T15:37:25","slug":"reeleccion-milei-ya-piensa-en-2027-mientras-el-pais-sigue-esperando-el-2024","status":"publish","type":"post","link":"https:\/\/jotaposta.com.ar\/jposta\/2025\/06\/24\/reeleccion-milei-ya-piensa-en-2027-mientras-el-pais-sigue-esperando-el-2024\/","title":{"rendered":"\u201c\u00bfReelecci\u00f3n? Milei ya piensa en 2027 mientras el pa\u00eds sigue esperando el 2024"},"content":{"rendered":"\n<p class=\"wp-block-paragraph\"><strong>Por Redacci\u00f3n JotaPosta<\/strong><\/p>\n\n\n\n<p class=\"wp-block-paragraph\">Mientras gran parte del pa\u00eds a\u00fan espera que arranquen las transformaciones prometidas en campa\u00f1a, el jefe de Gabinete, Guillermo Francos, dej\u00f3 hoy en claro que el oficialismo ya piensa en el futuro pol\u00edtico de Javier Milei m\u00e1s all\u00e1 de 2025: \u201cEstoy convencido de que el Presidente va a buscar un segundo mandato\u201d, afirm\u00f3 sin rodeos.<\/p>\n\n\n\n<div class=\"wp-block-image\"><figure class=\"aligncenter\"><img decoding=\"async\" src=\"https:\/\/www.jotaposta.com.ar\/wp-content\/uploads\/2025\/06\/image-22.png\" alt=\"\" class=\"wp-image-10804\"\/><\/figure><\/div>\n\n\n\n<p class=\"wp-block-paragraph\">La declaraci\u00f3n lleg\u00f3 en la previa de la primera reuni\u00f3n formal del <strong>Consejo de Mayo<\/strong>, el organismo surgido del famoso \u201cPacto de Mayo\u201d con gobernadores, que a\u00fan no se tradujo en hechos concretos. Seg\u00fan Francos, este espacio permitir\u00e1 avanzar en reformas clave como la laboral, la previsional y un nuevo sistema impositivo.<\/p>\n\n\n\n<p class=\"wp-block-paragraph\">Sin embargo, el contraste no pasa desapercibido: el Gobierno ya proyecta el 2027 mientras las urgencias de 2024 \u2014inflaci\u00f3n, recesi\u00f3n, desempleo y crisis social\u2014 siguen sin resolverse.<\/p>\n\n\n\n<blockquote class=\"wp-block-quote is-layout-flow wp-block-quote-is-layout-flow\"><p>\u201cSer\u00e1 la gente la que decidir\u00e1\u201d, dijo el ministro, como dejando entrever que el camino est\u00e1 trazado: reformas ahora, campa\u00f1a despu\u00e9s.<\/p><\/blockquote>\n\n\n\n<p class=\"wp-block-paragraph\">En la Casa Rosada aseguran que \u201clas variables macroecon\u00f3micas est\u00e1n acomodadas\u201d y por eso consideran que este es el momento justo para encarar los grandes cambios. Lo cierto es que la reuni\u00f3n de hoy entre funcionarios, empresarios, sindicalistas y algunos legisladores intenta mostrar m\u00fasculo pol\u00edtico tras varios meses de tensiones con el Congreso.<\/p>\n\n\n\n<p class=\"wp-block-paragraph\">La lista de presentes incluye nombres como <strong>Federico Sturzenegger<\/strong>, art\u00edfice de las desregulaciones; el sindicalista <strong>Gerardo Mart\u00ednez (UOCRA)<\/strong>; el gobernador mendocino <strong>Alfredo Cornejo<\/strong>; y representantes de la UIA, el PRO y la UCR.<\/p>\n\n\n\n<p class=\"wp-block-paragraph\">Desde el oficialismo apuestan a convertir los acuerdos en proyectos de ley, pero a\u00fan no est\u00e1 claro cu\u00e1ntos de esos consensos son reales y cu\u00e1ntos apenas gestos para la foto.<\/p>\n\n\n\n<p class=\"wp-block-paragraph\">Francos defendi\u00f3 la estrategia: \u201cHicimos todas las reformas que pudimos con las facultades delegadas. Ahora buscamos avanzar con el \u2018Pacto de Mayo\u2019 en lo que qued\u00f3 pendiente\u201d.<\/p>\n\n\n\n<p class=\"wp-block-paragraph\">En criollo: con menos margen legal para gobernar por decreto, empieza una nueva etapa de negociaci\u00f3n. Pero, al mismo tiempo, ya se habla de continuidad.<\/p>\n\n\n\n<p class=\"wp-block-paragraph\">La pregunta que flota es inc\u00f3moda: <strong>\u00bfes momento de pensar en reelecci\u00f3n cuando todav\u00eda no se ven los frutos de la primera gesti\u00f3n?<\/strong><\/p>\n","protected":false},"excerpt":{"rendered":"<p>Por Redacci\u00f3n JotaPosta Mientras gran parte del pa\u00eds a\u00fan espera que arranquen las transformaciones prometidas en campa\u00f1a, el jefe de Gabinete, Guillermo Francos, dej\u00f3 hoy en claro que el oficialismo ya piensa en el futuro pol\u00edtico de Javier Milei m\u00e1s all\u00e1 de 2025: \u201cEstoy convencido de que el Presidente va a buscar un segundo mandato\u201d, &hellip;<\/p>\n","protected":false},"author":1,"featured_media":8044,"comment_status":"open","ping_status":"open","sticky":false,"template":"","format":"standard","meta":{"pagelayer_contact_templates":[],"_pagelayer_content":"","iawp_total_views":8,"footnotes":""},"categories":[4],"tags":[148,261,979,1004,1394,1405,1537,2153,2869,2895,2900,2960,3439,4582,4668,4986,5368,5378,5383,5386,5389,5751,5960,6449,6480],"class_list":["post-10803","post","type-post","status-publish","format-standard","has-post-thumbnail","hentry","category-actualidad-politica","tag-actualidad-politica","tag-alfredo-cornejo","tag-carolina-losada","tag-casa-rosada","tag-congreso-nacional","tag-consejo-de-mayo","tag-cristian-ritondo","tag-elecciones-2027","tag-gerardo-martinez","tag-gobernadores","tag-gobierno-milei","tag-guillermo-francos","tag-javier-milei","tag-oficialismo","tag-pacto-de-mayo","tag-politica-argentina","tag-reeleccion-milei","tag-reforma-impositiva","tag-reforma-laboral","tag-reforma-previsional","tag-reformas-estructurales","tag-segundo-mandato","tag-sturzenegger","tag-uia","tag-uocra"],"_links":{"self":[{"href":"https:\/\/jotaposta.com.ar\/jposta\/wp-json\/wp\/v2\/posts\/10803","targetHints":{"allow":["GET"]}}],"collection":[{"href":"https:\/\/jotaposta.com.ar\/jposta\/wp-json\/wp\/v2\/posts"}],"about":[{"href":"https:\/\/jotaposta.com.ar\/jposta\/wp-json\/wp\/v2\/types\/post"}],"author":[{"embeddable":true,"href":"https:\/\/jotaposta.com.ar\/jposta\/wp-json\/wp\/v2\/users\/1"}],"replies":[{"embeddable":true,"href":"https:\/\/jotaposta.com.ar\/jposta\/wp-json\/wp\/v2\/comments?post=10803"}],"version-history":[{"count":0,"href":"https:\/\/jotaposta.com.ar\/jposta\/wp-json\/wp\/v2\/posts\/10803\/revisions"}],"wp:featuredmedia":[{"embeddable":true,"href":"https:\/\/jotaposta.com.ar\/jposta\/wp-json\/wp\/v2\/media\/8044"}],"wp:attachment":[{"href":"https:\/\/jotaposta.com.ar\/jposta\/wp-json\/wp\/v2\/media?parent=10803"}],"wp:term":[{"taxonomy":"category","embeddable":true,"href":"https:\/\/jotaposta.com.ar\/jposta\/wp-json\/wp\/v2\/categories?post=10803"},{"taxonomy":"post_tag","embeddable":true,"href":"https:\/\/jotaposta.com.ar\/jposta\/wp-json\/wp\/v2\/tags?post=10803"}],"curies":[{"name":"wp","href":"https:\/\/api.w.org\/{rel}","templated":true}]}}