{"id":10763,"date":"2025-06-22T05:22:31","date_gmt":"2025-06-22T08:22:31","guid":{"rendered":"https:\/\/www.jotaposta.com.ar\/?p=10763"},"modified":"2025-06-22T05:22:31","modified_gmt":"2025-06-22T08:22:31","slug":"gardel-esta-mas-vivo-que-nunca-90-anos-despues-buenos-aires-lo-convierte-en-el-alma-de-la-ciudad","status":"publish","type":"post","link":"https:\/\/jotaposta.com.ar\/jposta\/2025\/06\/22\/gardel-esta-mas-vivo-que-nunca-90-anos-despues-buenos-aires-lo-convierte-en-el-alma-de-la-ciudad\/","title":{"rendered":"Gardel est\u00e1 m\u00e1s vivo que nunca: 90 a\u00f1os despu\u00e9s, Buenos Aires lo convierte en el alma de la ciudad"},"content":{"rendered":"\n<p class=\"wp-block-paragraph\"><strong><a href=\"https:\/\/www.instagram.com\/tango_guide\/\">Recomendado por Tango.<\/a><\/strong><br \/><\/p>\n\n\n\n<p class=\"wp-block-paragraph\">A noventa a\u00f1os de la muerte de Carlos Gardel, la Ciudad de Buenos Aires le rinde homenaje con una programaci\u00f3n especial que recorre su historia, su m\u00fasica y su legado. Organizada por el Ministerio de Cultura porte\u00f1o, la <strong>Semana Gardeliana<\/strong> ofrece actividades gratuitas en distintos espacios culturales hasta el domingo 29 de junio.<\/p>\n\n\n\n<figure class=\"wp-block-image\"><img decoding=\"async\" src=\"https:\/\/turismo.buenosaires.gob.ar\/sites\/turismo\/files\/field\/image\/gardel-telam-semanagardeliana1500.jpg\" alt=\"Image Turismo Buenos Aires\"\/><\/figure>\n\n\n\n<p class=\"wp-block-paragraph\">Desde <strong>Tango<\/strong>, seleccionamos las principales propuestas para los d\u00edas restantes del ciclo, para que puedas disfrutar lo mejor del tango en escenarios emblem\u00e1ticos de la ciudad.<\/p>\n\n\n\n<hr class=\"wp-block-separator\"\/>\n\n\n\n<h2 class=\"wp-block-heading\">Lunes 23 de junio<\/h2>\n\n\n\n<ul class=\"wp-block-list\"><li>\n<strong>Proyecci\u00f3n de <em>Cuesta abajo<\/em> (1934)<\/strong><br \/>\nCentro Cultural 25 de Mayo \u2013 20 h\n<\/li><li>\n<strong>Exhibici\u00f3n del libro <em>Zogoibi<\/em>, de Enrique Larreta<\/strong><br \/>\nMuseo de Arte Espa\u00f1ol Enrique Larreta \u2013 Hasta el 1\u00b0 de agosto\n<\/li><li>\n<strong>Intervenci\u00f3n \u201cAgust\u00edn Magaldi. La voz sentimental de Buenos Aires\u201d<\/strong><br \/>\nMuseo de la Ciudad \u2013 Hasta el 29 de junio\n<\/li><li>\n<strong>Programaci\u00f3n especial Gardeliana<\/strong><br \/>\nMuseo de Esculturas Luis Perlotti \u2013 Hasta el 29 de junio\n<\/li><\/ul>\n\n\n\n<hr class=\"wp-block-separator\"\/>\n\n\n\n<h2 class=\"wp-block-heading\">Martes 24 de junio<\/h2>\n\n\n\n<ul class=\"wp-block-list\"><li> <strong>Recorrido guiado &#8220;Tango en el Casco Hist\u00f3rico&#8221;<\/strong><br \/> 10 h \u2013 Balcarce y Chile (con inscripci\u00f3n previa) <\/li><li> <strong>Muestra &#8220;Gardel Dibujado&#8221;<\/strong><br \/> 16 h \u2013 Casa del Historiador <\/li><li> <strong>Charla &#8220;Gardel en las historietas&#8221;<\/strong><br \/> 17 h \u2013 Casa del Historiador <\/li><li> <strong>Charla &#8220;El Morocho del Abasto&#8221;<\/strong><br \/> 17 h \u2013 Bar El Colonial <\/li><li> <strong>Acto central \u201c90 a\u00f1os no es nada\u201d<\/strong><br \/> 20 h \u2013 Centro Cultural 25 de Mayo <\/li><li> <strong>Conciertos<\/strong> <ul><li> Sandra Luna y Guitarras de Gardel \u2013 16 h \u2013 Museo Casa Carlos Gardel <\/li><li> Hugo Rivas Cuarteto \u2013 18 h \u2013 Museo Casa Carlos Gardel <\/li><li> Mica Sancho \u2013 20.30 h \u2013 Bar La Poes\u00eda  <\/li><\/ul><\/li><li> <strong>Cine<\/strong> <ul><li> <em>El d\u00eda que me quieras<\/em> \u2013 15 h \u2013 Teatro San Mart\u00edn <\/li><li> <em>As\u00ed cantaba Gardel<\/em> + <em>Cuesta abajo<\/em> \u2013 18 h \u2013 Teatro San Mart\u00edn<\/li><\/ul><\/li><\/ul>\n\n\n\n<div class=\"wp-block-image\"><figure class=\"aligncenter\"><img decoding=\"async\" src=\"https:\/\/blogger.googleusercontent.com\/img\/b\/R29vZ2xl\/AVvXsEiaBM6oTx9VomxM1Hegyyy1tV636y9VK8CcWvLda0uoQ-DUB8QIMNFBHVJ_oA8E5OyLHo2V-5zWfhx4you_iAmyi7razrVuqQT6wdICRZe3FgZXpi5gc71ezdbflsbMqlfcOUG6FDDXqIE\/s1600\/GPM+3.JPG\" alt=\"GARDEL EN SUS MONUMENTOS: Escultura de Gardel sentado en Puerto Madero - Buenos  Aires\"\/><\/figure><\/div>\n\n\n\n<hr class=\"wp-block-separator\"\/>\n\n\n\n<h2 class=\"wp-block-heading\">Mi\u00e9rcoles 25 de junio<\/h2>\n\n\n\n<ul class=\"wp-block-list\"><li>\n<strong>Recorrido guiado &#8220;Presencia de Gardel&#8221;<\/strong><br \/>\n15 h \u2013 Ag\u00fcero y Humahuaca\n<\/li><li>\n<strong>Concierto D\u00fao Cortelezzi C\u00e1seres<\/strong><br \/>\n15 h \u2013 Espacio Cultural Carlos Gardel\n<\/li><li>\n<strong>Cine<\/strong>\n<ul><li>\n<em>As\u00ed cantaba Gardel<\/em> + <em>Cuesta abajo<\/em> \u2013 15 y 21 h \u2013 Teatro San Mart\u00edn\n<\/li><li>\n<em>Tango bar<\/em> \u2013 16 h \u2013 Espacio Cultural Carlos Gardel\n<\/li><\/ul>\n<\/li><li>\n<strong>Conciertos<\/strong>\n<ul><li>\nEnrique Espinosa \u2013 18 h \u2013 Museo Casa Carlos Gardel\n<\/li><li>\nMarcelo Balsells y Oscar De El\u00eda \u2013 20 h \u2013 Claridge\u2019s Bar\n<\/li><\/ul>\n<\/li><li>\n<strong>Proyecci\u00f3n de <em>El sonido de antes<\/em> de Yael Szmulewicz<\/strong><br \/>\n20 h \u2013 Centro Cultural 25 de Mayo\n<\/li><\/ul>\n\n\n\n<hr class=\"wp-block-separator\"\/>\n\n\n\n<h2 class=\"wp-block-heading\">Jueves 26 de junio<\/h2>\n\n\n\n<ul class=\"wp-block-list\"><li>\n<strong>Orquesta del Tango de Buenos Aires<\/strong><br \/>\n13 h \u2013 Hall Alfredo Alc\u00f3n, Teatro San Mart\u00edn\n<\/li><li>\n<strong>Gardel y los barrios: Roberto Minondi y Las Guitarras de Gardel<\/strong><br \/>\n18 h \u2013 Casa del Historiador (con inscripci\u00f3n previa)\n<\/li><li>\n<strong>Charla &#8220;Tras los pasos de Gardel&#8221;<\/strong><br \/>\n18 h \u2013 Bar La Poes\u00eda\n<\/li><li>\n<strong>Proyecci\u00f3n de <em>El d\u00eda que me quieras<\/em><\/strong><br \/>\n18 h \u2013 Teatro San Mart\u00edn\n<\/li><li>\n<strong>Concierto Daisy Lombardo y Ariel Pirotti<\/strong><br \/>\n21 h \u2013 Las Violetas\n<\/li><\/ul>\n\n\n\n<hr class=\"wp-block-separator\"\/>\n\n\n\n<h2 class=\"wp-block-heading\">Viernes 27 de junio<\/h2>\n\n\n\n<ul class=\"wp-block-list\"><li>\n<strong>Orquesta del Tango de Buenos Aires con Guillermo Fern\u00e1ndez<\/strong><br \/>\n20 h \u2013 Centro Cultural 25 de Mayo\n<\/li><li>\n<strong>Concierto de Mirta \u00c1lvarez y Walter Castro<\/strong><br \/>\n20 h \u2013 Confiter\u00eda Saint Moritz\n<\/li><\/ul>\n\n\n\n<hr class=\"wp-block-separator\"\/>\n\n\n\n<h2 class=\"wp-block-heading\">S\u00e1bado 28 de junio<\/h2>\n\n\n\n<ul class=\"wp-block-list\"><li>\n<strong>Jornada especial en el Polo Bandone\u00f3n<\/strong><br \/>\nDesde las 11 h \u2013 Charlas, masterclasses y actividades para toda la familia\n<\/li><li>\n<strong>Proyecciones especiales \u2013 Museo del Cine<\/strong>\n<ul><li>\n15 h \u2013 <em>As\u00ed cantaba Carlos Gardel<\/em>\n<\/li><li>\n16 h \u2013 <em>Carlos Gardel, historia de un \u00eddolo<\/em>\n<\/li><\/ul>\n<\/li><li>\n<strong>Conciertos<\/strong>\n<ul><li>\n<em>Flores para Gardel<\/em> \u2013 18.30 h \u2013 Espacio Cultural Marc\u00f3 del Pont\n<\/li><li>\nMarina Ruiz Matta y Florencia Cozzani \u2013 21 h \u2013 El Gato Negro\n<\/li><li>\nCardenal Dom\u00ednguez \u2013 21 h \u2013 Bar La Orqu\u00eddea\n<\/li><\/ul>\n<\/li><\/ul>\n\n\n\n<hr class=\"wp-block-separator\"\/>\n\n\n\n<h2 class=\"wp-block-heading\">Domingo 29 de junio<\/h2>\n\n\n\n<ul class=\"wp-block-list\"><li>\n<strong>Concierto D\u00fao Cortelezzi C\u00e1seres<\/strong><br \/>\n11 a 18 h \u2013 Feria de Mataderos\n<\/li><li>\n<strong>Tarde Gardeliana \u2013 D\u00eda del Cantor Nacional<\/strong><br \/>\n16 h \u2013 Anfiteatro del Parque Centenario\n<\/li><li>\n<strong>Encuentro musical Urquiza Coral<\/strong><br \/>\n16 h \u2013 Centro Cultural 25 de Mayo\n<\/li><li>\n<strong>Proyecciones finales \u2013 Museo del Cine<\/strong>\n<ul><li>\n16 h \u2013 <em>Cuesta abajo<\/em> (1934)\n<\/li><li>\n18 h \u2013 <em>Melod\u00eda de arrabal<\/em> (1933)\n<\/li><\/ul>\n<\/li><li>\n<strong>Conciertos y milongas<\/strong>\n<ul><li>\n<em>El alma aferrada<\/em> \u2013 17 h \u2013 Museo Fern\u00e1ndez Blanco\n<\/li><li>\nAbel Rogg\u00e1ntini \u2013 19 h \u2013 Bar Imperio, Hotel Savoy\n<\/li><li>\nOrquesta Escuela Emilio Balcarce \u2013 19 h \u2013 Centro Cultural Centeya\n<\/li><li>\nMilonga del 25 \u2013 Orquesta del Plata \u2013 19 h \u2013 CC 25 de Mayo\n<\/li><li>\nMilonga gardeliana \u2013 Orquesta del Plata \u2013 20 h \u2013 Espacio Cultural Carlos Gardel\n<\/li><li>\nOrquesta Escuela Emilio Balcarce con Leo Fern\u00e1ndez \u2013 20 h \u2013 CC Centeya\n<\/li><\/ul>\n<\/li><\/ul>\n\n\n\n<hr class=\"wp-block-separator\"\/>\n\n\n\n<p class=\"wp-block-paragraph\"><strong>Toda la programaci\u00f3n es gratuita. Algunas actividades requieren inscripci\u00f3n previa.<\/strong><\/p>\n\n\n\n<p class=\"wp-block-paragraph\">Segu\u00ed descubriendo Buenos Aires con otra mirada en <a class=\"\" href=\"https:\/\/www.instagram.com\/tango_guide\">@tango_guide<\/a>.<\/p>\n","protected":false},"excerpt":{"rendered":"<p>Recomendado por Tango. A noventa a\u00f1os de la muerte de Carlos Gardel, la Ciudad de Buenos Aires le rinde homenaje con una programaci\u00f3n especial que recorre su historia, su m\u00fasica y su legado. Organizada por el Ministerio de Cultura porte\u00f1o, la Semana Gardeliana ofrece actividades gratuitas en distintos espacios culturales hasta el domingo 29 de &hellip;<\/p>\n","protected":false},"author":1,"featured_media":10764,"comment_status":"open","ping_status":"open","sticky":false,"template":"","format":"standard","meta":{"pagelayer_contact_templates":[],"_pagelayer_content":"","iawp_total_views":9,"footnotes":""},"categories":[29],"tags":[126,639,883,970,1051,1152,1341,1653,2131,2488,2833,3070,3121,4149,4150,4305,4808,5228,5343,5769,6021,6022,6023,6135,6796],"class_list":["post-10763","post","type-post","status-publish","format-standard","has-post-thumbnail","hentry","category-turismo","tag-actividades-gratuitas-caba","tag-bar-la-poesia","tag-caminatas-guiadas-caba","tag-carlos-gardel","tag-centro-cultural-25-de-mayo","tag-cine-gardel","tag-conciertos-tango","tag-cultura-portena","tag-el-morocho-del-abasto","tag-eventos-junio-buenos-aires","tag-gardel-90-anos","tag-historia-del-tango","tag-homenaje-gardel","tag-milonga-en-caba","tag-milongas","tag-museo-casa-gardel","tag-patrimonio-cultural-argentino","tag-que-hacer-en-buenos-aires","tag-recorridos-historicos","tag-semana-gardeliana","tag-tango-buenos-aires","tag-tango-en-los-barrios","tag-tango-en-vivo","tag-teatro-san-martin","tag-zorzal-criollo"],"_links":{"self":[{"href":"https:\/\/jotaposta.com.ar\/jposta\/wp-json\/wp\/v2\/posts\/10763","targetHints":{"allow":["GET"]}}],"collection":[{"href":"https:\/\/jotaposta.com.ar\/jposta\/wp-json\/wp\/v2\/posts"}],"about":[{"href":"https:\/\/jotaposta.com.ar\/jposta\/wp-json\/wp\/v2\/types\/post"}],"author":[{"embeddable":true,"href":"https:\/\/jotaposta.com.ar\/jposta\/wp-json\/wp\/v2\/users\/1"}],"replies":[{"embeddable":true,"href":"https:\/\/jotaposta.com.ar\/jposta\/wp-json\/wp\/v2\/comments?post=10763"}],"version-history":[{"count":0,"href":"https:\/\/jotaposta.com.ar\/jposta\/wp-json\/wp\/v2\/posts\/10763\/revisions"}],"wp:attachment":[{"href":"https:\/\/jotaposta.com.ar\/jposta\/wp-json\/wp\/v2\/media?parent=10763"}],"wp:term":[{"taxonomy":"category","embeddable":true,"href":"https:\/\/jotaposta.com.ar\/jposta\/wp-json\/wp\/v2\/categories?post=10763"},{"taxonomy":"post_tag","embeddable":true,"href":"https:\/\/jotaposta.com.ar\/jposta\/wp-json\/wp\/v2\/tags?post=10763"}],"curies":[{"name":"wp","href":"https:\/\/api.w.org\/{rel}","templated":true}]}}