{"id":10632,"date":"2025-06-11T12:38:06","date_gmt":"2025-06-11T15:38:06","guid":{"rendered":"https:\/\/www.jotaposta.com.ar\/?p=10632"},"modified":"2025-10-25T13:42:39","modified_gmt":"2025-10-25T13:42:39","slug":"presion-o-prision-el-pedido-que-puede-cambiar-el-destino-de-cristina","status":"publish","type":"post","link":"https:\/\/jotaposta.com.ar\/jposta\/2025\/06\/11\/presion-o-prision-el-pedido-que-puede-cambiar-el-destino-de-cristina\/","title":{"rendered":"\u00bfPresi\u00f3n o prisi\u00f3n? El pedido que puede cambiar el destino de Cristina"},"content":{"rendered":"\n<p class=\"wp-block-paragraph\"><strong>La defensa de Cristina Fern\u00e1ndez de Kirchner inici\u00f3 el tr\u00e1mite para que la condena de seis a\u00f1os de prisi\u00f3n no se cumpla en una c\u00e1rcel com\u00fan. Mientras tanto, tiene cinco d\u00edas para presentarse en Comodoro Py.<\/strong><\/p>\n\n\n\n<figure class=\"wp-block-image\"><img decoding=\"async\" src=\"https:\/\/fotos.perfil.com\/2018\/11\/03\/trim\/987\/555\/carlos-beraldi-03112018-378711.jpg\" alt=\"Carlos Beraldi: &quot;Por lo que veo en la calle, Cristina es una \u00eddola y no una  chorra&quot; | Perfil\"\/><\/figure>\n\n\n\n<p class=\"wp-block-paragraph\">Carlos Beraldi, abogado de la ex presidenta y actual titular del Partido Justicialista, confirm\u00f3 este mi\u00e9rcoles que <strong>ya est\u00e1 en marcha el pedido de arresto domiciliario<\/strong> para Cristina Fern\u00e1ndez de Kirchner, tras el fallo de la Corte Suprema que dej\u00f3 firme su condena en la causa Vialidad.<\/p>\n\n\n\n<p class=\"wp-block-paragraph\">&#8220;Tenemos un t\u00e9rmino de cinco d\u00edas para que ella se presente en Comodoro Py. Mientras tanto, se est\u00e1 tramitando un pedido de arresto domiciliario que el tribunal tendr\u00e1 que resolver antes de esa fecha&#8221;, explic\u00f3 Beraldi, al ser abordado por la prensa luego de visitar a Cristina en su casa.<\/p>\n\n\n\n<figure class=\"wp-block-embed-youtube wp-block-embed is-type-video is-provider-youtube wp-embed-aspect-16-9 wp-has-aspect-ratio\"><div class=\"wp-block-embed__wrapper\">\n<iframe loading=\"lazy\" title=\"CARLOS BERALDI, ABOGADO de CRISTINA: &quot;LA TOBILLERA NO TIENE SENTIDO&quot;\" width=\"500\" height=\"281\" src=\"https:\/\/www.youtube.com\/embed\/pxM1WptDias?feature=oembed\" frameborder=\"0\" allow=\"accelerometer; autoplay; clipboard-write; encrypted-media; gyroscope; picture-in-picture; web-share\" referrerpolicy=\"strict-origin-when-cross-origin\" allowfullscreen><\/iframe>\n<\/div><\/figure>\n\n\n\n<p class=\"wp-block-paragraph\">El abogado sostuvo que <strong>la ex presidenta cumple con los requisitos legales<\/strong> para acceder al beneficio de la prisi\u00f3n domiciliaria. &#8220;Tiene 72 a\u00f1os, es ex presidenta de la Naci\u00f3n, tiene una custodia espec\u00edfica. Para eso est\u00e1 la prisi\u00f3n domiciliaria. El Tribunal decidir\u00e1&#8221;, sostuvo.<\/p>\n\n\n\n<p class=\"wp-block-paragraph\">Adem\u00e1s, remarc\u00f3 que la situaci\u00f3n de su defendida es \u201c<strong>inobjetable<\/strong>\u201d para acceder al beneficio y aclar\u00f3 que, de concederse, <strong>no se le limitar\u00eda el r\u00e9gimen de visitas<\/strong>. Tambi\u00e9n descart\u00f3 la utilizaci\u00f3n de una tobillera electr\u00f3nica: \u201cNo tiene sentido. Est\u00e1 bajo custodia. No se va a escapar\u201d.<\/p>\n\n\n\n<h3 class=\"wp-block-heading\">\u201cNo tiene miedo, va a cumplir\u201d<\/h3>\n\n\n\n<p class=\"wp-block-paragraph\">Beraldi tambi\u00e9n dio detalles del estado de \u00e1nimo de la ex mandataria:<\/p>\n\n\n\n<blockquote class=\"wp-block-quote is-layout-flow wp-block-quote-is-layout-flow\"><p>\u201cEst\u00e1 muy bien, atenta a todo lo que pasa. Es una dirigente de gran importancia. No tiene miedo. Se va a presentar y va a cumplir con todas las disposiciones, como lo hizo en los \u00faltimos 10 a\u00f1os. Eso no va a cambiar por lo que resolvi\u00f3 la Corte Suprema\u201d.<\/p><\/blockquote>\n\n\n\n<p class=\"wp-block-paragraph\">Cont\u00f3 adem\u00e1s que Cristina <strong>est\u00e1 acompa\u00f1ada por su familia y militantes<\/strong>, y que utilizar\u00e1n el plazo completo \u2014hasta el mi\u00e9rcoles pr\u00f3ximo\u2014 para seguir cumpliendo con las etapas legales correspondientes.<\/p>\n\n\n\n<figure class=\"wp-block-image\"><img decoding=\"async\" src=\"https:\/\/www.jotaposta.com.ar\/wp-content\/uploads\/2025\/06\/cfk-saluda-2-1024x631.jpg\" alt=\"\" class=\"wp-image-10613\"\/><\/figure>\n\n\n\n<h3 class=\"wp-block-heading\">Denuncia persecuci\u00f3n y recurrir\u00e1 a organismos internacionales<\/h3>\n\n\n\n<p class=\"wp-block-paragraph\">Como ya lo hab\u00eda expresado en otras ocasiones, Beraldi insisti\u00f3 en que <strong>la condena no responde a razones jur\u00eddicas sino pol\u00edticas<\/strong>.<\/p>\n\n\n\n<blockquote class=\"wp-block-quote is-layout-flow wp-block-quote-is-layout-flow\"><p>\u201cNadie puede dudar de que esto es un fallo pol\u00edtico. Ser\u00eda jur\u00eddico si no hubiesen cometido la enorme cantidad de irregularidades que se\u00f1alamos y que no fueron respondidas\u201d.<\/p><\/blockquote>\n\n\n\n<p class=\"wp-block-paragraph\">Por eso, confirm\u00f3 que <strong>la defensa acudir\u00e1 a la Comisi\u00f3n Interamericana de Derechos Humanos (CIDH)<\/strong> en los pr\u00f3ximos d\u00edas. \u201cLa presentaci\u00f3n debe hacerse dentro de los seis meses desde que se notifica la resoluci\u00f3n judicial. Es vinculante\u201d, explic\u00f3.<\/p>\n\n\n\n<p class=\"wp-block-paragraph\">En palabras del abogado, este fallo \u201cla priva de justicia\u201d y <strong>confirma que Cristina fue una perseguida pol\u00edtica durante much\u00edsimo tiempo<\/strong>.<\/p>\n","protected":false},"excerpt":{"rendered":"<p>La defensa de Cristina Fern\u00e1ndez de Kirchner inici\u00f3 el tr\u00e1mite para que la condena de seis a\u00f1os de prisi\u00f3n no se cumpla en una c\u00e1rcel com\u00fan. Mientras tanto, tiene cinco d\u00edas para presentarse en Comodoro Py. Carlos Beraldi, abogado de la ex presidenta y actual titular del Partido Justicialista, confirm\u00f3 este mi\u00e9rcoles que ya est\u00e1 &hellip;<\/p>\n","protected":false},"author":1,"featured_media":10634,"comment_status":"open","ping_status":"open","sticky":false,"template":"","format":"standard","meta":{"pagelayer_contact_templates":[],"_pagelayer_content":"","iawp_total_views":6,"footnotes":""},"categories":[4,25],"tags":[426,696,1027,1112,1300,1346,1474,1552,1669,1729,1776,2502,2578,3559,4142,4875,4919,4986,5110,6242],"class_list":["post-10632","post","type-post","status-publish","format-standard","has-post-thumbnail","hentry","category-actualidad-politica","category-resumen-de-noticias","tag-arresto","tag-beraldi","tag-causa-vialidad","tag-cidh","tag-comodoro-py","tag-condena","tag-corte-suprema","tag-cristina-kirchner","tag-custodia","tag-defensa","tag-derechos-humanos","tag-ex-presidenta","tag-fallo-judicial","tag-justicia","tag-militancia","tag-persecucion-politica","tag-pj","tag-politica-argentina","tag-prision-domiciliaria","tag-tobillera"],"_links":{"self":[{"href":"https:\/\/jotaposta.com.ar\/jposta\/wp-json\/wp\/v2\/posts\/10632","targetHints":{"allow":["GET"]}}],"collection":[{"href":"https:\/\/jotaposta.com.ar\/jposta\/wp-json\/wp\/v2\/posts"}],"about":[{"href":"https:\/\/jotaposta.com.ar\/jposta\/wp-json\/wp\/v2\/types\/post"}],"author":[{"embeddable":true,"href":"https:\/\/jotaposta.com.ar\/jposta\/wp-json\/wp\/v2\/users\/1"}],"replies":[{"embeddable":true,"href":"https:\/\/jotaposta.com.ar\/jposta\/wp-json\/wp\/v2\/comments?post=10632"}],"version-history":[{"count":1,"href":"https:\/\/jotaposta.com.ar\/jposta\/wp-json\/wp\/v2\/posts\/10632\/revisions"}],"predecessor-version":[{"id":12308,"href":"https:\/\/jotaposta.com.ar\/jposta\/wp-json\/wp\/v2\/posts\/10632\/revisions\/12308"}],"wp:attachment":[{"href":"https:\/\/jotaposta.com.ar\/jposta\/wp-json\/wp\/v2\/media?parent=10632"}],"wp:term":[{"taxonomy":"category","embeddable":true,"href":"https:\/\/jotaposta.com.ar\/jposta\/wp-json\/wp\/v2\/categories?post=10632"},{"taxonomy":"post_tag","embeddable":true,"href":"https:\/\/jotaposta.com.ar\/jposta\/wp-json\/wp\/v2\/tags?post=10632"}],"curies":[{"name":"wp","href":"https:\/\/api.w.org\/{rel}","templated":true}]}}