{"id":10621,"date":"2025-06-11T00:16:51","date_gmt":"2025-06-11T03:16:51","guid":{"rendered":"https:\/\/www.jotaposta.com.ar\/?p=10621"},"modified":"2025-06-11T00:16:51","modified_gmt":"2025-06-11T03:16:51","slug":"presidentes-argentinos-ante-la-justicia-un-repaso-historico-que-vuelve-a-escena-con-la-causa-vialidad","status":"publish","type":"post","link":"https:\/\/jotaposta.com.ar\/jposta\/2025\/06\/11\/presidentes-argentinos-ante-la-justicia-un-repaso-historico-que-vuelve-a-escena-con-la-causa-vialidad\/","title":{"rendered":"Presidentes argentinos ante la Justicia: un repaso hist\u00f3rico que vuelve a escena con la causa Vialidad"},"content":{"rendered":"\n<p class=\"wp-block-paragraph\">Antes de Cristina Fern\u00e1ndez de Kirchner, el \u00faltimo expresidente argentino en ser condenado hab\u00eda sido Carlos Menem. En 2001, debi\u00f3 cumplir una prisi\u00f3n domiciliaria durante 167 d\u00edas en una quinta de Don Torcuato, propiedad de su amigo y exfuncionario Armando Gostanian. La medida fue dictada por el juez Jorge Urso, que lo consider\u00f3 jefe de una asociaci\u00f3n il\u00edcita en la causa por la venta ilegal de armas a Croacia y Ecuador, iniciada en 1995 a partir de una investigaci\u00f3n period\u00edstica. Tambi\u00e9n se le atribu\u00eda la falsificaci\u00f3n de tres decretos presidenciales.<\/p>\n\n\n\n<figure class=\"wp-block-embed-youtube wp-block-embed is-type-video is-provider-youtube wp-embed-aspect-4-3 wp-has-aspect-ratio\"><div class=\"wp-block-embed__wrapper\">\n<iframe loading=\"lazy\" title=\"Carlos Menem preso - 4 horas desde que el ex Presidente quedo detenido 2001 V-12232 DiFilm\" width=\"500\" height=\"375\" src=\"https:\/\/www.youtube.com\/embed\/ui7tbmu2rqg?feature=oembed\" frameborder=\"0\" allow=\"accelerometer; autoplay; clipboard-write; encrypted-media; gyroscope; picture-in-picture; web-share\" referrerpolicy=\"strict-origin-when-cross-origin\" allowfullscreen><\/iframe>\n<\/div><\/figure>\n\n\n\n<p class=\"wp-block-paragraph\">Menem, que ya hab\u00eda superado los 70 a\u00f1os, fue beneficiado con el arresto domiciliario, con su entonces esposa, Cecilia Bolocco, como garante judicial. Pero el 20 de noviembre de 2001 la Corte Suprema dictamin\u00f3 que los delitos atribuidos no pod\u00edan ser encuadrados bajo la figura de asociaci\u00f3n il\u00edcita, y orden\u00f3 su inmediata liberaci\u00f3n.<\/p>\n\n\n\n<p class=\"wp-block-paragraph\">Hoy, casi no queda rastro de aquella quinta: fue demolida y el predio de 6.000 metros cuadrados es utilizado por una concesionaria como dep\u00f3sito de autos. Menem hab\u00eda sido hasta ahora el \u00fanico presidente electo en democracia en cumplir prisi\u00f3n domiciliaria. Con la condena a seis a\u00f1os de prisi\u00f3n ratificada por la Corte Suprema en la causa Vialidad, Cristina Fern\u00e1ndez de Kirchner podr\u00eda sumarse a esa lista si accede a ese beneficio.<\/p>\n\n\n\n<h3 class=\"wp-block-heading\">Dos antecedentes hist\u00f3ricos: Mitre y Per\u00f3n<\/h3>\n\n\n\n<p class=\"wp-block-paragraph\">Mucho antes que Menem, hubo otros dos presidentes argentinos en conflicto con la Justicia. En 1874, Bartolom\u00e9 Mitre se levant\u00f3 en armas tras perder las elecciones presidenciales. Fue derrotado y condenado por un tribunal militar, aunque luego fue indultado por el presidente Nicol\u00e1s Avellaneda.<\/p>\n\n\n\n<figure class=\"wp-block-embed-youtube wp-block-embed is-type-video is-provider-youtube wp-embed-aspect-16-9 wp-has-aspect-ratio\"><div class=\"wp-block-embed__wrapper\">\n<iframe loading=\"lazy\" title=\"16 de septiembre: Derrocamiento de Per\u00f3n - Historia al D\u00eda\" width=\"500\" height=\"281\" src=\"https:\/\/www.youtube.com\/embed\/AfgFbRW4QuE?feature=oembed\" frameborder=\"0\" allow=\"accelerometer; autoplay; clipboard-write; encrypted-media; gyroscope; picture-in-picture; web-share\" referrerpolicy=\"strict-origin-when-cross-origin\" allowfullscreen><\/iframe>\n<\/div><\/figure>\n\n\n\n<p class=\"wp-block-paragraph\">En 1955, Juan Domingo Per\u00f3n fue derrocado por un golpe militar. El nuevo r\u00e9gimen, encabezado por Eduardo Lonardi, lo juzg\u00f3 en ausencia. Un tribunal militar lo descalific\u00f3 como militar, pero Per\u00f3n no enfrent\u00f3 cargos penales ordinarios.<\/p>\n\n\n\n<h3 class=\"wp-block-heading\">Todos pasaron por Tribunales (menos dos)<\/h3>\n\n\n\n<p class=\"wp-block-paragraph\">Desde el retorno de la democracia en 1983, todos los presidentes argentinos enfrentaron causas judiciales, con dos excepciones: Ra\u00fal Alfons\u00edn, que nunca fue procesado, y N\u00e9stor Kirchner, que si bien es mencionado en varias investigaciones judiciales vinculadas a su esposa, falleci\u00f3 en octubre de 2010 sin haber sido formalmente imputado.<\/p>\n\n\n\n<figure class=\"wp-block-embed-youtube wp-block-embed is-type-video is-provider-youtube wp-embed-aspect-16-9 wp-has-aspect-ratio\"><div class=\"wp-block-embed__wrapper\">\n<iframe loading=\"lazy\" title=\"Fernando De la R\u00faa expuso en el juicio por las coimas en el Senado de la Naci\u00f3n\" width=\"500\" height=\"281\" src=\"https:\/\/www.youtube.com\/embed\/t8qaX13zEJc?feature=oembed\" frameborder=\"0\" allow=\"accelerometer; autoplay; clipboard-write; encrypted-media; gyroscope; picture-in-picture; web-share\" referrerpolicy=\"strict-origin-when-cross-origin\" allowfullscreen><\/iframe>\n<\/div><\/figure>\n\n\n\n<p class=\"wp-block-paragraph\">Fernando de la R\u00faa, presidente entre 1999 y 2001, fue juzgado por el presunto pago de sobornos en el Senado para aprobar la reforma laboral. En 2013 fue absuelto por el Tribunal Oral Federal N\u00b0 3, y la C\u00e1mara de Casaci\u00f3n confirm\u00f3 el fallo, dej\u00e1ndolo firme.<\/p>\n\n\n\n<p class=\"wp-block-paragraph\">Mauricio Macri, quien gobern\u00f3 entre 2015 y 2019, fue sobrese\u00eddo en la causa por escuchas ilegales a d\u00edas de asumir la presidencia. Siempre sostuvo que fue v\u00edctima de una maniobra pol\u00edtica. Tambi\u00e9n se vio salpicado por el esc\u00e1ndalo de los Panam\u00e1 Papers, donde su nombre y el de su padre, Franco Macri, aparec\u00edan vinculados a cuentas offshore. La causa se cerr\u00f3 tras declarar el fallecido empresario que \u00e9l era el responsable. Otra denuncia por presunta evasi\u00f3n se abri\u00f3 luego. Adem\u00e1s, Macri fue investigado por presunto espionaje a familiares de tripulantes del ARA San Juan, y enfrenta causas vinculadas al Correo Argentino, parques e\u00f3licos, y el env\u00edo de armamento a Bolivia. Algunas de ellas siguen abiertas.<\/p>\n\n\n\n<p class=\"wp-block-paragraph\">Alberto Fern\u00e1ndez, presidente entre 2019 y 2023, actualmente enfrenta una causa por violencia de g\u00e9nero denunciada por su expareja, Fabiola Y\u00e1\u00f1ez. La acusaci\u00f3n contempla penas que van de 3 a 18 a\u00f1os de prisi\u00f3n.<\/p>\n","protected":false},"excerpt":{"rendered":"<p>Antes de Cristina Fern\u00e1ndez de Kirchner, el \u00faltimo expresidente argentino en ser condenado hab\u00eda sido Carlos Menem. En 2001, debi\u00f3 cumplir una prisi\u00f3n domiciliaria durante 167 d\u00edas en una quinta de Don Torcuato, propiedad de su amigo y exfuncionario Armando Gostanian. La medida fue dictada por el juez Jorge Urso, que lo consider\u00f3 jefe de &hellip;<\/p>\n","protected":false},"author":1,"featured_media":10622,"comment_status":"open","ping_status":"open","sticky":false,"template":"","format":"standard","meta":{"pagelayer_contact_templates":[],"_pagelayer_content":"","iawp_total_views":5,"footnotes":""},"categories":[4],"tags":[1027,1068,1346,1351,1353,1466,1474,1552,2302,2414,2578,2896,3250,3532,3537,3560,3658,3748,4961,4985,5461,5795,6315,6348,6586],"class_list":["post-10621","post","type-post","status-publish","format-standard","has-post-thumbnail","hentry","category-actualidad-politica","tag-causa-vialidad","tag-cfk","tag-condena","tag-condena-firme","tag-condena-judicial","tag-corrupcion","tag-corte-suprema","tag-cristina-kirchner","tag-escandalo","tag-estado-de-derecho","tag-fallo-judicial","tag-gobierno","tag-impunidad","tag-juicio","tag-juicio-politico","tag-justicia-argentina","tag-legalidad","tag-lideres-argentinos","tag-poder-judicial","tag-politica","tag-responsabilidad-penal","tag-sentencia","tag-transparencia","tag-tribunal","tag-vicepresidenta"],"_links":{"self":[{"href":"https:\/\/jotaposta.com.ar\/jposta\/wp-json\/wp\/v2\/posts\/10621","targetHints":{"allow":["GET"]}}],"collection":[{"href":"https:\/\/jotaposta.com.ar\/jposta\/wp-json\/wp\/v2\/posts"}],"about":[{"href":"https:\/\/jotaposta.com.ar\/jposta\/wp-json\/wp\/v2\/types\/post"}],"author":[{"embeddable":true,"href":"https:\/\/jotaposta.com.ar\/jposta\/wp-json\/wp\/v2\/users\/1"}],"replies":[{"embeddable":true,"href":"https:\/\/jotaposta.com.ar\/jposta\/wp-json\/wp\/v2\/comments?post=10621"}],"version-history":[{"count":0,"href":"https:\/\/jotaposta.com.ar\/jposta\/wp-json\/wp\/v2\/posts\/10621\/revisions"}],"wp:attachment":[{"href":"https:\/\/jotaposta.com.ar\/jposta\/wp-json\/wp\/v2\/media?parent=10621"}],"wp:term":[{"taxonomy":"category","embeddable":true,"href":"https:\/\/jotaposta.com.ar\/jposta\/wp-json\/wp\/v2\/categories?post=10621"},{"taxonomy":"post_tag","embeddable":true,"href":"https:\/\/jotaposta.com.ar\/jposta\/wp-json\/wp\/v2\/tags?post=10621"}],"curies":[{"name":"wp","href":"https:\/\/api.w.org\/{rel}","templated":true}]}}