{"id":10567,"date":"2025-06-08T01:31:09","date_gmt":"2025-06-08T04:31:09","guid":{"rendered":"https:\/\/www.jotaposta.com.ar\/?p=10567"},"modified":"2025-10-27T14:01:19","modified_gmt":"2025-10-27T14:01:19","slug":"atentado-contra-un-candidato-presidencial-en-colombia-quien-es-miguel-uribe-turbay-video","status":"publish","type":"post","link":"https:\/\/jotaposta.com.ar\/jposta\/2025\/06\/08\/atentado-contra-un-candidato-presidencial-en-colombia-quien-es-miguel-uribe-turbay-video\/","title":{"rendered":"Atentado contra un candidato presidencial en Colombia: \u00bfQui\u00e9n es Miguel Uribe Turbay? (video)"},"content":{"rendered":"\n<p><strong>El senador colombiano Miguel Uribe Turbay, una figura pol\u00edtica de 39 a\u00f1os que se perfila como posible candidato a las elecciones presidenciales de 2026, fue v\u00edctima de un atentado a balazos durante un mitin de campa\u00f1a en Bogot\u00e1 el s\u00e1bado pasado.<\/strong><\/p>\n\n\n\n<p>El ataque ocurri\u00f3 en un parque del barrio Fontib\u00f3n, cuando varios agresores armados le dispararon por la espalda, seg\u00fan inform\u00f3 el partido Centro Democr\u00e1tico, la fuerza pol\u00edtica a la que pertenece Uribe Turbay, aunque aclararon que no tiene parentesco con el expresidente \u00c1lvaro Uribe, fundador del mismo partido.<\/p>\n\n\n\n<figure class=\"wp-block-embed-youtube wp-block-embed is-type-video is-provider-youtube wp-embed-aspect-16-9 wp-has-aspect-ratio\"><div class=\"wp-block-embed__wrapper\">\n<iframe loading=\"lazy\" title=\"El momento en que le disparan al candidato presidencial Miguel Uribe Turbay | CAMBIO\" width=\"500\" height=\"281\" src=\"https:\/\/www.youtube.com\/embed\/GNuYTM41d58?feature=oembed\" frameborder=\"0\" allow=\"accelerometer; autoplay; clipboard-write; encrypted-media; gyroscope; picture-in-picture; web-share\" referrerpolicy=\"strict-origin-when-cross-origin\" allowfullscreen><\/iframe>\n<\/div><\/figure>\n\n\n\n<p>Im\u00e1genes difundidas en redes sociales muestran al senador cubierto de sangre, sostenido por personas que lo auxiliaban. Fue trasladado en estado cr\u00edtico al hospital Fundaci\u00f3n Santa Fe, donde est\u00e1 siendo sometido a una intervenci\u00f3n neuroquir\u00fargica y vascular. Su esposa, Mar\u00eda Claudia Tarazona, pidi\u00f3 p\u00fablicamente a los colombianos que recen por su recuperaci\u00f3n.<\/p>\n\n\n\n<p>El atentado dej\u00f3 adem\u00e1s a dos personas heridas y la Fiscal\u00eda General de Colombia inform\u00f3 que detuvo en el lugar a un adolescente de 15 a\u00f1os que portaba un arma de fuego. Por su parte, el gobierno colombiano ofreci\u00f3 una recompensa para capturar a todos los responsables del ataque.<\/p>\n\n\n\n<figure class=\"wp-block-embed-youtube wp-block-embed is-type-video is-provider-youtube wp-embed-aspect-16-9 wp-has-aspect-ratio\"><div class=\"wp-block-embed__wrapper\">\n<iframe loading=\"lazy\" title=\"Revelaron video de la persecuci\u00f3n al presunto responsable del atentado contra Miguel Uribe\" width=\"500\" height=\"281\" src=\"https:\/\/www.youtube.com\/embed\/KRLZw34lXM0?feature=oembed\" frameborder=\"0\" allow=\"accelerometer; autoplay; clipboard-write; encrypted-media; gyroscope; picture-in-picture; web-share\" referrerpolicy=\"strict-origin-when-cross-origin\" allowfullscreen><\/iframe>\n<\/div><\/figure>\n\n\n\n<p>El presidente Gustavo Petro, el primer mandatario de izquierda en la historia del pa\u00eds, cancel\u00f3 un viaje oficial a Francia por la gravedad de los hechos y lider\u00f3 una sesi\u00f3n extraordinaria del Consejo de Seguridad, prometiendo una investigaci\u00f3n transparente para llegar hasta los autores intelectuales y evaluar posibles fallos en el esquema de seguridad del senador.<\/p>\n\n\n\n<p>Miguel Uribe Turbay es hijo de una periodista que fue secuestrada y asesinada en 1991, durante uno de los momentos m\u00e1s violentos en la historia reciente de Colombia. Anunci\u00f3 oficialmente su candidatura presidencial en marzo de este a\u00f1o, en un contexto pol\u00edtico marcado por crecientes tensiones y episodios de violencia.<\/p>\n\n\n\n<figure class=\"wp-block-embed-youtube wp-block-embed is-type-video is-provider-youtube wp-embed-aspect-16-9 wp-has-aspect-ratio\"><div class=\"wp-block-embed__wrapper\">\n<iframe loading=\"lazy\" title=\"Primera reacci\u00f3n de Petro a atentado contra Miguel Uribe: &quot;Colombia y su violencia eterna&quot;\" width=\"500\" height=\"281\" src=\"https:\/\/www.youtube.com\/embed\/yc9TcbTAd4U?feature=oembed\" frameborder=\"0\" allow=\"accelerometer; autoplay; clipboard-write; encrypted-media; gyroscope; picture-in-picture; web-share\" referrerpolicy=\"strict-origin-when-cross-origin\" allowfullscreen><\/iframe>\n<\/div><\/figure>\n\n\n\n<p>El atentado gener\u00f3 reacciones en varios pa\u00edses de Am\u00e9rica Latina. El presidente chileno Gabriel Boric afirm\u00f3 que &#8220;no hay espacio ni justificaci\u00f3n para la violencia en una democracia&#8221;, mientras que el presidente ecuatoriano Daniel Noboa conden\u00f3 &#8220;toda forma de violencia e intolerancia&#8221; y ambos expresaron su solidaridad con la familia del senador.<\/p>\n","protected":false},"excerpt":{"rendered":"<p>El senador colombiano Miguel Uribe Turbay, una figura pol\u00edtica de 39 a\u00f1os que se perfila como posible candidato a las elecciones presidenciales de 2026, fue v\u00edctima de un atentado a balazos durante un mitin de campa\u00f1a en Bogot\u00e1 el s\u00e1bado pasado. El ataque ocurri\u00f3 en un parque del barrio Fontib\u00f3n, cuando varios agresores armados le &hellip;<\/p>\n","protected":false},"author":1,"featured_media":10568,"comment_status":"open","ping_status":"open","sticky":false,"template":"","format":"standard","meta":{"pagelayer_contact_templates":[],"_pagelayer_content":"","iawp_total_views":0,"footnotes":""},"categories":[25],"tags":[174,304,490,492,507,920,948,1054,1233,1503,1682,2167,2399,2822,2965,3358,3394,4100,4182,4991,5001,5290,5762,5780,5781,6664],"class_list":["post-10567","post","type-post","status-publish","format-standard","has-post-thumbnail","hentry","category-resumen-de-noticias","tag-adolescente-detenido","tag-america-latina","tag-ataque-armado","tag-ataque-en-bogota","tag-atentado-politico","tag-candidato-presidencial-colombia","tag-captura-de-responsables","tag-centro-democratico","tag-colombia-noticias","tag-crimen-politico","tag-daniel-noboa","tag-elecciones-presidenciales-colombia-2026","tag-esquema-de-seguridad","tag-gabriel-boric","tag-gustavo-petro","tag-intento-de-asesinato","tag-investigacion-atentado","tag-miguel-uribe-turbay","tag-mitin-de-campana","tag-politica-colombiana","tag-politica-latinoamericana","tag-reaccion-internacional","tag-seguridad-politica","tag-senador-colombiano","tag-senador-herido","tag-violencia-politica-colombia"],"_links":{"self":[{"href":"https:\/\/jotaposta.com.ar\/jposta\/wp-json\/wp\/v2\/posts\/10567","targetHints":{"allow":["GET"]}}],"collection":[{"href":"https:\/\/jotaposta.com.ar\/jposta\/wp-json\/wp\/v2\/posts"}],"about":[{"href":"https:\/\/jotaposta.com.ar\/jposta\/wp-json\/wp\/v2\/types\/post"}],"author":[{"embeddable":true,"href":"https:\/\/jotaposta.com.ar\/jposta\/wp-json\/wp\/v2\/users\/1"}],"replies":[{"embeddable":true,"href":"https:\/\/jotaposta.com.ar\/jposta\/wp-json\/wp\/v2\/comments?post=10567"}],"version-history":[{"count":1,"href":"https:\/\/jotaposta.com.ar\/jposta\/wp-json\/wp\/v2\/posts\/10567\/revisions"}],"predecessor-version":[{"id":12358,"href":"https:\/\/jotaposta.com.ar\/jposta\/wp-json\/wp\/v2\/posts\/10567\/revisions\/12358"}],"wp:featuredmedia":[{"embeddable":true,"href":"https:\/\/jotaposta.com.ar\/jposta\/wp-json\/"}],"wp:attachment":[{"href":"https:\/\/jotaposta.com.ar\/jposta\/wp-json\/wp\/v2\/media?parent=10567"}],"wp:term":[{"taxonomy":"category","embeddable":true,"href":"https:\/\/jotaposta.com.ar\/jposta\/wp-json\/wp\/v2\/categories?post=10567"},{"taxonomy":"post_tag","embeddable":true,"href":"https:\/\/jotaposta.com.ar\/jposta\/wp-json\/wp\/v2\/tags?post=10567"}],"curies":[{"name":"wp","href":"https:\/\/api.w.org\/{rel}","templated":true}]}}