{"id":10536,"date":"2025-06-08T08:01:17","date_gmt":"2025-06-08T11:01:17","guid":{"rendered":"https:\/\/www.jotaposta.com.ar\/?p=10536"},"modified":"2025-06-08T08:01:17","modified_gmt":"2025-06-08T11:01:17","slug":"insolito-la-derecha-madrilena-voto-contra-su-propia-ley-y-quedo-en-ridiculo-en-la-asamblea","status":"publish","type":"post","link":"https:\/\/jotaposta.com.ar\/jposta\/2025\/06\/08\/insolito-la-derecha-madrilena-voto-contra-su-propia-ley-y-quedo-en-ridiculo-en-la-asamblea\/","title":{"rendered":"Ins\u00f3lito: la derecha madrile\u00f1a vot\u00f3 contra su propia ley y qued\u00f3 en rid\u00edculo en la Asamblea"},"content":{"rendered":"\n<p class=\"wp-block-paragraph\">En un episodio que roz\u00f3 el absurdo legislativo, el bloque del Partido Popular en la Asamblea de Madrid termin\u00f3 descalificando con vehemencia una propuesta para enfrentar el calor extremo que, sin saberlo, hab\u00eda sido redactada originalmente por su propia fuerza pol\u00edtica.<\/p>\n\n\n\n<p class=\"wp-block-paragraph\">Todo comenz\u00f3 cuando Pablo Padilla, diputado de M\u00e1s Madrid, llev\u00f3 al pleno una Proposici\u00f3n No de Ley (PNL) copiada palabra por palabra de una enmienda del PP presentada previamente en el Senado. El objetivo, seg\u00fan explic\u00f3 despu\u00e9s, era exponer hasta qu\u00e9 punto el oficialismo regional vota en contra de cualquier iniciativa que provenga de la oposici\u00f3n, sin importar el contenido.<\/p>\n\n\n\n<blockquote class=\"bluesky-embed\" data-bluesky-uri=\"at:\/\/did:plc:w2x72iyj2iyvhez274swv36v\/app.bsky.feed.post\/3lquo6hxid22q\" data-bluesky-cid=\"bafyreigjqjr6myvudtdkq6rkk24kk6cbtl5q437kbkktmxvtbfa7vcrfve\" data-bluesky-embed-color-mode=\"system\"><p lang=\"es\">El PP de Ayuso est\u00e1 tan ciego de sectarismo que despotrica y vota en contra de sus propias propuestas cuando cree que son de M\u00e1s Madrid<br \/><br \/><a href=\"https:\/\/bsky.app\/profile\/did:plc:w2x72iyj2iyvhez274swv36v\/post\/3lquo6hxid22q?ref_src=embed\">[image or embed]<\/a><\/p>\u2014 Pablo Padilla (<a href=\"https:\/\/bsky.app\/profile\/did:plc:w2x72iyj2iyvhez274swv36v?ref_src=embed\">@maesepads.bsky.social<\/a>) <a href=\"https:\/\/bsky.app\/profile\/did:plc:w2x72iyj2iyvhez274swv36v\/post\/3lquo6hxid22q?ref_src=embed\">5 de junio de 2025, 12:47<\/a><\/blockquote><script async=\"\" src=\"https:\/\/embed.bsky.app\/static\/embed.js\" charset=\"utf-8\"><\/script>\n\n\n\n<p class=\"wp-block-paragraph\">La jugada surti\u00f3 efecto: el diputado popular Sergio Brabezo arremeti\u00f3 contra la propuesta con t\u00e9rminos como \u201cp\u00e1nico\u201d, \u201calarma social\u201d y \u201cdecepci\u00f3n total\u201d, sin advertir que estaba descalificando un texto redactado por su propia fuerza a nivel nacional.<\/p>\n\n\n\n<p class=\"wp-block-paragraph\">Minutos despu\u00e9s, Padilla tom\u00f3 la palabra y desvel\u00f3 el enga\u00f1o: ense\u00f1\u00f3 el documento original del Senado con el membrete del PP y mostr\u00f3 que era id\u00e9ntico al presentado por M\u00e1s Madrid. La revelaci\u00f3n desat\u00f3 carcajadas y aplausos en la C\u00e1mara, mientras Brabezo quedaba visiblemente descolocado.<\/p>\n\n\n\n<blockquote class=\"wp-block-quote is-layout-flow wp-block-quote-is-layout-flow\"><p><strong>\u201cUsted s\u00ed que me ha decepcionado. \u00bfPero usted ha le\u00eddo la iniciativa de la que estamos hablando? Usted ha dicho que son viejas iniciativas que solo quieren apelar al p\u00e1nico y a la alerta social\u201d<\/strong> arranc\u00f3 el discurso.<\/p><\/blockquote>\n\n\n\n<p class=\"wp-block-paragraph\">Despu\u00e9s, mostr\u00e1ndole la enmienda del PP en el Senado, le espet\u00f3: <em>\u201c\u00bfSabe lo que es esto? Esto es una enmienda de sustituci\u00f3n del Partido Popular en el Senado, que es literalmente la iniciativa que ha tra\u00eddo M\u00e1s Madrid a esta C\u00e1mara\u201d. Padilla acus\u00f3 al diputado popular de \u201cverter siete minutos de bazofia intelectual contra su propia iniciativa\u201d. Y despu\u00e9s explic\u00f3 que \u201cera un ejercicio para ver c\u00f3mo de sectarios son ustedes\u201d <\/em>y remat\u00f3: \u201c<em><strong>Seguramente yo, cuando salga de esta C\u00e1mara, nadie se acuerde de m\u00ed. Pero de usted nadie se va a olvidar porque usted ha hecho el mayor rid\u00edculo que se ha hecho en esta C\u00e1mara porque usted se ha dedicado siete minutos a decir una sarta de tonter\u00edas contra su propia iniciativa. Contra su propia iniciativa\u201d.<\/strong><\/em><\/p>\n\n\n\n<p class=\"wp-block-paragraph\">\u201cEl problema no es la propuesta, es qui\u00e9n la firma\u201d, sentenci\u00f3 Padilla, en un discurso que dej\u00f3 en evidencia el filtro partidario por encima del contenido. Incluso desde Vox se mostraron incr\u00e9dulos: \u201c<em>\u00bfDe verdad la propuesta es del PP?\u201d<\/em>, pregunt\u00f3 el diputado \u00cd\u00f1igo Enr\u00edquez, a\u00fan sin salir del asombro.<\/p>\n\n\n\n<p class=\"wp-block-paragraph\">La escena termin\u00f3 con una reflexi\u00f3n del legislador de M\u00e1s Madrid que expuso el trasfondo del asunto<em>: \u201cOjal\u00e1 se hubieran tomado en serio el contenido en lugar de fijarse en la etiqueta pol\u00edtica. Es lamentable que el sectarismo pese m\u00e1s que el bienestar de los madrile\u00f1os<\/em>\u201d.<\/p>\n","protected":false},"excerpt":{"rendered":"<p>En un episodio que roz\u00f3 el absurdo legislativo, el bloque del Partido Popular en la Asamblea de Madrid termin\u00f3 descalificando con vehemencia una propuesta para enfrentar el calor extremo que, sin saberlo, hab\u00eda sido redactada originalmente por su propia fuerza pol\u00edtica. Todo comenz\u00f3 cuando Pablo Padilla, diputado de M\u00e1s Madrid, llev\u00f3 al pleno una Proposici\u00f3n &hellip;<\/p>\n","protected":false},"author":1,"featured_media":10537,"comment_status":"open","ping_status":"open","sticky":false,"template":"","format":"standard","meta":{"pagelayer_contact_templates":[],"_pagelayer_content":"","iawp_total_views":9,"footnotes":""},"categories":[4],"tags":[470,753,867,1707,1763,2242,2873,3316,3411,3682,3993,4626,4660,4766,4955,4975,4997,5032,5033,5156,5157,5516,5741,5803,6716],"class_list":["post-10536","post","type-post","status-publish","format-standard","has-post-thumbnail","hentry","category-actualidad-politica","tag-asamblea-de-madrid","tag-bochorno-pp","tag-calor-extremo","tag-debate-parlamentario","tag-derecha-espanola","tag-enmienda-senado","tag-gestion-ayuso","tag-iniciativa-climatica","tag-isabel-diaz-ayuso","tag-ley-calor","tag-mas-madrid","tag-oposicion-madrid","tag-pablo-padilla","tag-partidos-politicos-espana","tag-pleno-asamblea","tag-polemica-ayuso","tag-politica-espanola","tag-pp-contradicciones","tag-pp-madrid","tag-propuesta-pp","tag-propuesta-rechazada","tag-ridiculo-politico","tag-sectarismo-politico","tag-sergio-brabezo","tag-vox-madrid"],"_links":{"self":[{"href":"https:\/\/jotaposta.com.ar\/jposta\/wp-json\/wp\/v2\/posts\/10536","targetHints":{"allow":["GET"]}}],"collection":[{"href":"https:\/\/jotaposta.com.ar\/jposta\/wp-json\/wp\/v2\/posts"}],"about":[{"href":"https:\/\/jotaposta.com.ar\/jposta\/wp-json\/wp\/v2\/types\/post"}],"author":[{"embeddable":true,"href":"https:\/\/jotaposta.com.ar\/jposta\/wp-json\/wp\/v2\/users\/1"}],"replies":[{"embeddable":true,"href":"https:\/\/jotaposta.com.ar\/jposta\/wp-json\/wp\/v2\/comments?post=10536"}],"version-history":[{"count":0,"href":"https:\/\/jotaposta.com.ar\/jposta\/wp-json\/wp\/v2\/posts\/10536\/revisions"}],"wp:attachment":[{"href":"https:\/\/jotaposta.com.ar\/jposta\/wp-json\/wp\/v2\/media?parent=10536"}],"wp:term":[{"taxonomy":"category","embeddable":true,"href":"https:\/\/jotaposta.com.ar\/jposta\/wp-json\/wp\/v2\/categories?post=10536"},{"taxonomy":"post_tag","embeddable":true,"href":"https:\/\/jotaposta.com.ar\/jposta\/wp-json\/wp\/v2\/tags?post=10536"}],"curies":[{"name":"wp","href":"https:\/\/api.w.org\/{rel}","templated":true}]}}