{"id":10527,"date":"2025-06-08T07:48:08","date_gmt":"2025-06-08T10:48:08","guid":{"rendered":"https:\/\/www.jotaposta.com.ar\/?p=10527"},"modified":"2025-10-27T14:01:19","modified_gmt":"2025-10-27T14:01:19","slug":"presa-o-candidata-cristina-kirchner-reaparece-en-corrientes-y-lanza-una-bomba-politica-contra-milei-la-justicia-y-el-pj","status":"publish","type":"post","link":"https:\/\/jotaposta.com.ar\/jposta\/2025\/06\/08\/presa-o-candidata-cristina-kirchner-reaparece-en-corrientes-y-lanza-una-bomba-politica-contra-milei-la-justicia-y-el-pj\/","title":{"rendered":"\u201c\u00bfPresa o candidata?\u201d: Cristina Kirchner reaparece en Corrientes y lanza una bomba pol\u00edtica contra Milei, la Justicia y el PJ"},"content":{"rendered":"\n<p class=\"wp-block-paragraph\">La ex presidenta Cristina Fern\u00e1ndez de Kirchner regres\u00f3 a la escena p\u00fablica este s\u00e1bado en la ciudad correntina de Paso de los Libres, donde acompa\u00f1\u00f3 al intendente Mart\u00edn Asc\u00faa en su lanzamiento como postulante a la gobernaci\u00f3n de la provincia. Durante el acto, la actual titular del Partido Justicialista volvi\u00f3 a posicionarse como una voz cr\u00edtica del Gobierno nacional y del sistema judicial, a la vez que reafirm\u00f3 su compromiso con la militancia pol\u00edtica.<\/p>\n\n\n\n<figure class=\"wp-block-image\"><img decoding=\"async\" src=\"https:\/\/www.jotaposta.com.ar\/wp-content\/uploads\/2025\/06\/image-6-1024x683.png\" alt=\"\" class=\"wp-image-10528\"\/><\/figure>\n\n\n\n<p class=\"wp-block-paragraph\">Frente a una multitud de simpatizantes, la ex mandataria elogi\u00f3 los avances logrados durante los a\u00f1os de gesti\u00f3n kirchnerista, recordando que muchos hogares en Corrientes accedieron a servicios b\u00e1sicos con mayor facilidad, y contrast\u00f3 esa situaci\u00f3n con la actualidad, marcada \u2014seg\u00fan se\u00f1al\u00f3\u2014 por mayores dificultades para satisfacer necesidades esenciales.<\/p>\n\n\n\n<p class=\"wp-block-paragraph\">En un tono combativo, Fern\u00e1ndez de Kirchner cuestion\u00f3 las pol\u00edticas de ajuste y la narrativa oficial centrada en la honestidad, advirtiendo que la calidad de vida se ha deteriorado en los \u00faltimos a\u00f1os. Adem\u00e1s, denunci\u00f3 que su reciente postulaci\u00f3n como candidata a legisladora provincial provoc\u00f3 una reacci\u00f3n judicial inmediata, y vincul\u00f3 este accionar con una estrategia para excluirla de la vida pol\u00edtica.<\/p>\n\n\n\n<figure class=\"wp-block-embed-youtube wp-block-embed is-type-video is-provider-youtube wp-embed-aspect-16-9 wp-has-aspect-ratio\"><div class=\"wp-block-embed__wrapper\">\n<iframe loading=\"lazy\" title=\"En vivo desde Paso de los Libres, Corrientes. Lanzamiento de la candidatura de Mart\u00edn \u201cTincho\u201d Asc\u00faa\" width=\"500\" height=\"281\" src=\"https:\/\/www.youtube.com\/embed\/_mX04lMxbyE?feature=oembed\" frameborder=\"0\" allow=\"accelerometer; autoplay; clipboard-write; encrypted-media; gyroscope; picture-in-picture; web-share\" referrerpolicy=\"strict-origin-when-cross-origin\" allowfullscreen><\/iframe>\n<\/div><\/figure>\n\n\n\n<p class=\"wp-block-paragraph\">&#8220;Dicen que estoy acabada, pero no me dejan competir&#8221;, ironiz\u00f3 la ex jefa de Estado, y aprovech\u00f3 para enviar un mensaje hacia el interior del peronismo, remarcando que las disputas internas no deben eclipsar los verdaderos desaf\u00edos colectivos. &#8220;No es tiempo de aventuras personales&#8221;, sostuvo.<\/p>\n\n\n\n<p class=\"wp-block-paragraph\">Durante su intervenci\u00f3n, tambi\u00e9n aludi\u00f3 al intento de atentado que sufri\u00f3 en 2022 y a los ataques medi\u00e1ticos que, a su entender, buscan deslegitimar su figura. Defendi\u00f3 la importancia del Estado como garante de derechos, mencionando casos sensibles como la situaci\u00f3n de personas con discapacidad o la atenci\u00f3n sanitaria para jubilados.<\/p>\n\n\n\n<figure class=\"wp-block-image\"><img decoding=\"async\" src=\"https:\/\/www.jotaposta.com.ar\/wp-content\/uploads\/2025\/06\/image-7-1024x683.png\" alt=\"\" class=\"wp-image-10529\"\/><\/figure>\n\n\n\n<p class=\"wp-block-paragraph\">La l\u00edder justicialista critic\u00f3 con dureza el rumbo econ\u00f3mico del gobierno de Javier Milei, comparando su programa con recetas del pasado que, seg\u00fan advirti\u00f3, ya demostraron su fracaso. Tambi\u00e9n cuestion\u00f3 los recortes presupuestarios que afectan \u00e1reas clave como ciencia, salud y educaci\u00f3n.<\/p>\n\n\n\n<p class=\"wp-block-paragraph\">Hacia el final de su discurso, mencion\u00f3 el caso de Loan, un ni\u00f1o desaparecido en la provincia, y lo utiliz\u00f3 como s\u00edmbolo de una realidad social que demanda respuestas urgentes. &#8220;La reconstrucci\u00f3n de Corrientes requiere de un esfuerzo colectivo&#8221;, concluy\u00f3, apelando a la unidad como condici\u00f3n indispensable para transformar la provincia.<\/p>\n\n\n\n<p class=\"wp-block-paragraph\">Con este acto, Cristina Fern\u00e1ndez de Kirchner reafirm\u00f3 su rol como referente dentro del PJ y se meti\u00f3 de lleno en la campa\u00f1a electoral, en un contexto marcado por negociaciones internas y expectativas respecto al futuro del peronismo.<\/p>\n","protected":false},"excerpt":{"rendered":"<p>La ex presidenta Cristina Fern\u00e1ndez de Kirchner regres\u00f3 a la escena p\u00fablica este s\u00e1bado en la ciudad correntina de Paso de los Libres, donde acompa\u00f1\u00f3 al intendente Mart\u00edn Asc\u00faa en su lanzamiento como postulante a la gobernaci\u00f3n de la provincia. Durante el acto, la actual titular del Partido Justicialista volvi\u00f3 a posicionarse como una voz &hellip;<\/p>\n","protected":false},"author":1,"featured_media":10530,"comment_status":"open","ping_status":"open","sticky":false,"template":"","format":"standard","meta":{"pagelayer_contact_templates":[],"_pagelayer_content":"","iawp_total_views":11,"footnotes":""},"categories":[25],"tags":[887,1027,1353,1399,1465,1516,1552,1558,1781,1794,1970,2151,2415,2638,2835,3288,3439,3560,3583,3799,3983,4628,4867,4919],"class_list":["post-10527","post","type-post","status-publish","format-standard","has-post-thumbnail","hentry","category-resumen-de-noticias","tag-campana-electoral","tag-causa-vialidad","tag-condena-judicial","tag-conicet","tag-corrientes","tag-crisis-economica","tag-cristina-kirchner","tag-critica-milei","tag-derechos-sociales","tag-desaparecidos","tag-discurso-politico","tag-elecciones-2025","tag-estado-presente","tag-fernandez-de-kirchner","tag-garrahan","tag-inflacion-argentina","tag-javier-milei","tag-justicia-argentina","tag-kirchnerismo","tag-loan-corrientes","tag-martin-ascua","tag-oposicion-politica","tag-peronismo","tag-pj"],"_links":{"self":[{"href":"https:\/\/jotaposta.com.ar\/jposta\/wp-json\/wp\/v2\/posts\/10527","targetHints":{"allow":["GET"]}}],"collection":[{"href":"https:\/\/jotaposta.com.ar\/jposta\/wp-json\/wp\/v2\/posts"}],"about":[{"href":"https:\/\/jotaposta.com.ar\/jposta\/wp-json\/wp\/v2\/types\/post"}],"author":[{"embeddable":true,"href":"https:\/\/jotaposta.com.ar\/jposta\/wp-json\/wp\/v2\/users\/1"}],"replies":[{"embeddable":true,"href":"https:\/\/jotaposta.com.ar\/jposta\/wp-json\/wp\/v2\/comments?post=10527"}],"version-history":[{"count":1,"href":"https:\/\/jotaposta.com.ar\/jposta\/wp-json\/wp\/v2\/posts\/10527\/revisions"}],"predecessor-version":[{"id":12357,"href":"https:\/\/jotaposta.com.ar\/jposta\/wp-json\/wp\/v2\/posts\/10527\/revisions\/12357"}],"wp:attachment":[{"href":"https:\/\/jotaposta.com.ar\/jposta\/wp-json\/wp\/v2\/media?parent=10527"}],"wp:term":[{"taxonomy":"category","embeddable":true,"href":"https:\/\/jotaposta.com.ar\/jposta\/wp-json\/wp\/v2\/categories?post=10527"},{"taxonomy":"post_tag","embeddable":true,"href":"https:\/\/jotaposta.com.ar\/jposta\/wp-json\/wp\/v2\/tags?post=10527"}],"curies":[{"name":"wp","href":"https:\/\/api.w.org\/{rel}","templated":true}]}}