{"id":10470,"date":"2025-06-03T22:25:20","date_gmt":"2025-06-04T01:25:20","guid":{"rendered":"https:\/\/www.jotaposta.com.ar\/?p=10470"},"modified":"2025-11-02T14:15:54","modified_gmt":"2025-11-02T14:15:54","slug":"el-pais-en-la-calle-jubilados-feministas-cientificos-y-medicos-se-plantan-frente-al-congreso","status":"publish","type":"post","link":"https:\/\/jotaposta.com.ar\/jposta\/2025\/06\/03\/el-pais-en-la-calle-jubilados-feministas-cientificos-y-medicos-se-plantan-frente-al-congreso\/","title":{"rendered":"El pa\u00eds en la calle: jubilados, feministas, cient\u00edficos y m\u00e9dicos se plantan frente al Congreso"},"content":{"rendered":"\n<p>Una consigna sencilla, pero cargada de urgencia, vuelve a recorrer el asfalto porte\u00f1o: <em>\u201cUnir las luchas es la tarea\u201d<\/em>. Este mi\u00e9rcoles por la tarde, el cruce de Entre R\u00edos y Rivadavia, a la sombra del Congreso, ser\u00e1 escenario de un nuevo grito colectivo. Jubilados, trabajadores del Hospital Garrahan, cient\u00edficos del CONICET y movimientos feministas se dar\u00e1n cita para levantar la voz, cada cual con su reclamo, pero todos con el mismo fuego.<\/p>\n\n\n\n<figure class=\"wp-block-image\"><img decoding=\"async\" src=\"https:\/\/www.tiempoar.com.ar\/wp-content\/uploads\/2025\/05\/discapacidad-protesta-en-congreso-foto-Antonio-Becerra.jpg\" alt=\"Marcha de los jubilados: se suman feministas, personas con discapacidad y profesionales del Garrahan y Conicet\"\/><\/figure>\n\n\n\n<p>Desde el Garrahan, la bronca toma cuerpo en forma de paro. Este martes, en asamblea, los trabajadores resolvieron medidas de fuerza por mejoras salariales que no excluyan a nadie: ni a m\u00e9dicos, ni a enfermeros, ni a administrativos. \u201cNo alcanza con promesas para residentes\u201d, dicen. El plan de lucha arranca este <strong>mi\u00e9rcoles a las 21:00<\/strong>, con un cese que se extender\u00e1 hasta el viernes a primera hora. Y si no hay respuesta, habr\u00e1 m\u00e1s: <strong>paro de 24 horas este jueves 6, y de 48 horas el 10 y 11 de junio<\/strong>.<\/p>\n\n\n\n<p>Pero el reclamo no se queda en la puerta del hospital. Este mi\u00e9rcoles, en unidad con otros sectores, se movilizan hacia el Congreso con un pedido claro: <strong>una Ley de Financiamiento y Blindaje Presupuestario para el Garrahan<\/strong>. Porque la salud no se negocia.<\/p>\n\n\n\n<figure class=\"wp-block-image\"><img decoding=\"async\" src=\"https:\/\/static.eldiario.es\/clip\/5861c9ed-9e0a-4a7b-a90f-4f2774b53335_source-aspect-ratio_default_0.jpg\" alt=\"\"\/><\/figure>\n\n\n\n<p>Mientras tanto, el colectivo <em>Ni Una Menos<\/em> vuelve a latir con fuerza. Pasaron diez a\u00f1os desde aquella primera multitud que rompi\u00f3 el silencio en 2015. Hoy, aunque el contexto haya cambiado, el grito persiste. \u201cEl feminismo sigue en la calle\u201d, dijeron. Y este 4 de junio se plantan frente al Congreso con una demanda amplia: <strong>emergencia en discapacidad, salud, educaci\u00f3n, cultura y ciencia<\/strong>. Marchan junto a jubilades, trabajadoras de casas particulares, migrantes, ni\u00f1eces. Porque en este tiempo de recortes, precariedades y silencios oficiales, solo el abrazo entre luchas parece abrir alg\u00fan horizonte.<\/p>\n\n\n\n<figure class=\"wp-block-image\"><img decoding=\"async\" src=\"https:\/\/www.jotaposta.com.ar\/wp-content\/uploads\/2025\/06\/cortesC-596x1024.jpg\" alt=\"\" class=\"wp-image-10471\"\/><\/figure>\n\n\n\n<p>En paralelo, el Congreso tambi\u00e9n ser\u00e1 epicentro de una sesi\u00f3n especial convocada por bloques opositores. Se propone un aumento del <strong>7,2 % en las jubilaciones<\/strong>, elevar el bono de $70.000 a <strong>$105.000<\/strong> y <strong>prorrogar la moratoria previsional<\/strong>, que cay\u00f3 en marzo. La respuesta del oficialismo fue tajante. Mart\u00edn Menem, presidente de Diputados y voz de La Libertad Avanza, acus\u00f3 a los impulsores de la sesi\u00f3n de \u201cpopulismo disfrazado de buenas intenciones\u201d. Denunci\u00f3 un \u201cataque al equilibrio fiscal\u201d y calcul\u00f3 el impacto en <strong>m\u00e1s de 12 mil millones de d\u00f3lares<\/strong> (el 1,8 % del PBI).<\/p>\n\n\n\n<figure class=\"wp-block-image\"><img decoding=\"async\" src=\"https:\/\/www.tiempoar.com.ar\/wp-content\/uploads\/2024\/01\/Foto_20240117_marcha-conicet-ruidazo-despidos-credito-conicet-ate-capital-1024x683.jpg\" alt=\"Marcha de los jubilados: se suman feministas, personas con discapacidad y profesionales del Garrahan y Conicet\"\/><\/figure>\n\n\n\n<p>As\u00ed, el mi\u00e9rcoles no ser\u00e1 un d\u00eda m\u00e1s. Ser\u00e1 una jornada de tensi\u00f3n pol\u00edtica y de cuerpos en la calle, de pancartas y micr\u00f3fonos encendidos. Porque, aunque el Gobierno se tape los o\u00eddos, hay algo que sigue latiendo en cada marcha: la certeza de que cuando las luchas se encuentran, el silencio se rompe.<\/p>\n","protected":false},"excerpt":{"rendered":"<p>Una consigna sencilla, pero cargada de urgencia, vuelve a recorrer el asfalto porte\u00f1o: \u201cUnir las luchas es la tarea\u201d. Este mi\u00e9rcoles por la tarde, el cruce de Entre R\u00edos y Rivadavia, a la sombra del Congreso, ser\u00e1 escenario de un nuevo grito colectivo. Jubilados, trabajadores del Hospital Garrahan, cient\u00edficos del CONICET y movimientos feministas se &hellip;<\/p>\n","protected":false},"author":1,"featured_media":10472,"comment_status":"open","ping_status":"open","sticky":false,"template":"","format":"standard","meta":{"pagelayer_contact_templates":[],"_pagelayer_content":"","iawp_total_views":1,"footnotes":""},"categories":[4,25],"tags":[531,779,1115,1382,1399,1611,2001,2080,2199,2620,2835,3496,3601,3687,3905,3940,3987,4392,4735,5169,5675,5834,6271,6460],"class_list":["post-10470","post","type-post","status-publish","format-standard","has-post-thumbnail","hentry","category-actualidad-politica","category-resumen-de-noticias","tag-aumento-jubilaciones","tag-bono-anses","tag-ciencia","tag-congreso","tag-conicet","tag-cultura","tag-docentes","tag-educacion","tag-emergencia-discapacidad","tag-feminismo","tag-garrahan","tag-jubilados","tag-la-libertad-avanza","tag-ley-de-financiamiento","tag-manifestacion","tag-marcha-4-de-junio","tag-martin-menem","tag-ni-una-menos","tag-paro-garrahan","tag-protesta","tag-salud-publica","tag-sesion-especial","tag-trabajadores","tag-unidad-de-luchas"],"_links":{"self":[{"href":"https:\/\/jotaposta.com.ar\/jposta\/wp-json\/wp\/v2\/posts\/10470","targetHints":{"allow":["GET"]}}],"collection":[{"href":"https:\/\/jotaposta.com.ar\/jposta\/wp-json\/wp\/v2\/posts"}],"about":[{"href":"https:\/\/jotaposta.com.ar\/jposta\/wp-json\/wp\/v2\/types\/post"}],"author":[{"embeddable":true,"href":"https:\/\/jotaposta.com.ar\/jposta\/wp-json\/wp\/v2\/users\/1"}],"replies":[{"embeddable":true,"href":"https:\/\/jotaposta.com.ar\/jposta\/wp-json\/wp\/v2\/comments?post=10470"}],"version-history":[{"count":1,"href":"https:\/\/jotaposta.com.ar\/jposta\/wp-json\/wp\/v2\/posts\/10470\/revisions"}],"predecessor-version":[{"id":12424,"href":"https:\/\/jotaposta.com.ar\/jposta\/wp-json\/wp\/v2\/posts\/10470\/revisions\/12424"}],"wp:featuredmedia":[{"embeddable":true,"href":"https:\/\/jotaposta.com.ar\/jposta\/wp-json\/"}],"wp:attachment":[{"href":"https:\/\/jotaposta.com.ar\/jposta\/wp-json\/wp\/v2\/media?parent=10470"}],"wp:term":[{"taxonomy":"category","embeddable":true,"href":"https:\/\/jotaposta.com.ar\/jposta\/wp-json\/wp\/v2\/categories?post=10470"},{"taxonomy":"post_tag","embeddable":true,"href":"https:\/\/jotaposta.com.ar\/jposta\/wp-json\/wp\/v2\/tags?post=10470"}],"curies":[{"name":"wp","href":"https:\/\/api.w.org\/{rel}","templated":true}]}}