{"id":10459,"date":"2025-06-02T22:43:25","date_gmt":"2025-06-03T01:43:25","guid":{"rendered":"https:\/\/www.jotaposta.com.ar\/?p=10459"},"modified":"2025-06-02T22:43:25","modified_gmt":"2025-06-03T01:43:25","slug":"fake-news-en-redes-desmintieron-que-la-ciudad-cierre-actividades-para-chicos-con-discapacidad","status":"publish","type":"post","link":"https:\/\/jotaposta.com.ar\/jposta\/2025\/06\/02\/fake-news-en-redes-desmintieron-que-la-ciudad-cierre-actividades-para-chicos-con-discapacidad\/","title":{"rendered":"Fake news en redes: desmintieron que la Ciudad cierre actividades para chicos con discapacidad"},"content":{"rendered":"\n<p class=\"wp-block-paragraph\"><strong>Juan Mart\u00edn Costa<\/strong>, Director General de Deporte Social y Desarrollo Deportivo del Gobierno de la Ciudad de Buenos Aires, dialog\u00f3 con <strong>#JotaPosta<\/strong> y desminti\u00f3 categ\u00f3ricamente los rumores que circularon en redes sobre la supuesta suspensi\u00f3n de actividades deportivas para ni\u00f1os con discapacidad, como la que se realiza en el Polideportivo de Parque Patricios. \u201c<em>La oferta es enorme. Algunas actividades comenzaron este a\u00f1o, y es cierto que hoy tienen 3 o 4 chicos, pero as\u00ed es como se empieza. Nunca vamos a cerrar una actividad porque haya un solo chico anotado\u201d,<\/em> asegur\u00f3.<\/p>\n\n\n\n<div class=\"wp-block-image\"><figure class=\"alignleft is-resized\"><img loading=\"lazy\" decoding=\"async\" src=\"https:\/\/www.jotaposta.com.ar\/wp-content\/uploads\/2025\/06\/costa-web.png\" alt=\"\" class=\"wp-image-10460\" width=\"229\" height=\"191\"\/><\/figure><\/div>\n\n\n\n<p class=\"wp-block-paragraph\">Desde su rol, Costa impulsa una pol\u00edtica p\u00fablica que fomenta el acceso al deporte como herramienta de inclusi\u00f3n social. \u201cNuestro objetivo es promover una vida saludable a trav\u00e9s de la pr\u00e1ctica deportiva y la recreaci\u00f3n, en un entorno de bienestar, control y con profesionales especializados\u201d, remarc\u00f3.<\/p>\n\n\n\n<p class=\"wp-block-paragraph\">La actividad que gener\u00f3 el malentendido \u2014<strong>Educaci\u00f3n F\u00edsica Infantil para Discapacidad<\/strong>\u2014 se lleva a cabo en el Polideportivo Parque Patricios (Pepir\u00ed 135), todos los lunes de 15:30 a 16:15, y est\u00e1 destinada a chicos de 6 a 8 a\u00f1os. <strong>La actividad es gratuita y sigue vigente<\/strong>, como se puede comprobar en la p\u00e1gina oficial de la Ciudad, donde se publica el cronograma completo de cada sede.<\/p>\n\n\n\n<figure class=\"wp-block-image\"><img decoding=\"async\" src=\"https:\/\/www.jotaposta.com.ar\/wp-content\/uploads\/2025\/06\/fakeN.jpg\" alt=\"\" class=\"wp-image-10461\"\/><\/figure>\n\n\n\n<hr class=\"wp-block-separator\"\/>\n\n\n\n<p class=\"wp-block-paragraph\">El programa de deportes adaptados est\u00e1 pensado para personas con par\u00e1lisis cerebral, discapacidades motoras e intelectuales, ciegos y personas con baja visi\u00f3n, s\u00edndrome de Down, entre otras. Las clases son dictadas por profesores de Educaci\u00f3n F\u00edsica especializados y t\u00e9cnicos en distintas disciplinas.<\/p>\n\n\n\n<figure class=\"wp-block-image\"><img decoding=\"async\" src=\"https:\/\/buenosaires.gob.ar\/sites\/default\/files\/styles\/card_img_top\/public\/media\/image\/2022\/03\/09\/d024e95ef1e0b84e16b5396b578fa4a2420324e2.jpg?itok=lHw31Agy\" alt=\"Deportes para personas con discapacidad | Buenos Aires Ciudad - Gobierno de  la Ciudad Aut\u00f3noma de Buenos Aires\"\/><\/figure>\n\n\n\n<p class=\"wp-block-paragraph\"><strong>Las actividades no se interrumpen durante el receso de invierno<\/strong>, y aunque algunas propuestas pueden tener cupos completos, <strong>siempre hay alternativas disponibles para que los chicos y chicas puedan sumarse<\/strong>.<\/p>\n\n\n\n<hr class=\"wp-block-separator\"\/>\n\n\n\n<h3 class=\"wp-block-heading\"><strong>Colonias inclusivas y escuelas deportivas<\/strong><\/h3>\n\n\n\n<p class=\"wp-block-paragraph\">Adem\u00e1s de las actividades semanales, existen <strong>colonias inclusivas<\/strong> para personas con discapacidad a partir de los 6 a\u00f1os. Se realizan <strong>todos los s\u00e1bados de 10 a 17 hs, desde abril hasta noviembre<\/strong>, y funcionan como un espacio recreativo y social. All\u00ed se ofrecen actividades f\u00edsicas, juegos, deportes, almuerzo, merienda e infusi\u00f3n, todo de forma gratuita.<\/p>\n\n\n\n<figure class=\"wp-block-image\"><img decoding=\"async\" src=\"https:\/\/buenosaires.gob.ar\/sites\/default\/files\/styles\/card_img_top\/public\/media\/image\/2021\/07\/15\/d0b1ac6239e116c869117e37fde61a25d9b79d92.jpg?itok=wtU-MXHX\" alt=\"Deportes para personas con discapacidad | Buenos Aires Ciudad - Gobierno de  la Ciudad Aut\u00f3noma de Buenos Aires\"\/><\/figure>\n\n\n\n<p class=\"wp-block-paragraph\">Estas colonias se desarrollan en cinco sedes de la Ciudad:<\/p>\n\n\n\n<ul class=\"wp-block-list\"><li> Parque Manuel Belgrano <\/li><li> Parque Sarmiento <\/li><li> Polideportivo Avellaneda <\/li><li> Polideportivo Patricios <\/li><li> Polideportivo Chacabuco <\/li><\/ul>\n\n\n\n<figure class=\"wp-block-image\"><img decoding=\"async\" src=\"https:\/\/defensoria.org.ar\/wp-content\/uploads\/2024\/11\/WhatsApp-Image-2024-10-01-at-12.53.42.jpeg\" alt=\"Jornadas de concientizaci\u00f3n y visibilizaci\u00f3n sobre discapacidad en Boedo -  Defensor\u00eda del Pueblo CABA\"\/><\/figure>\n\n\n\n<p class=\"wp-block-paragraph\">Adem\u00e1s, hay <strong>escuelas deportivas espec\u00edficas<\/strong> que se realizan:<\/p>\n\n\n\n<ul class=\"wp-block-list\"><li>\nMartes y jueves de 14 a 17 hs en Parque Sarmiento\n<\/li><li>\nMartes y jueves de 15 a 18 hs en Patricios y Santojanni\n<\/li><li>\nS\u00e1bados de 11 a 13 hs en el Campo de Golf de Palermo\n<\/li><\/ul>\n\n\n\n<hr class=\"wp-block-separator\"\/>\n\n\n\n<p class=\"wp-block-paragraph\">Con una mirada clara sobre el rol del deporte en la inclusi\u00f3n social, Costa refuerza que estas pol\u00edticas llegaron para quedarse:<\/p>\n\n\n\n<blockquote class=\"wp-block-quote is-layout-flow wp-block-quote-is-layout-flow\"><p>\u201cQueremos que cada chico, sin importar su condici\u00f3n, tenga la oportunidad de jugar, moverse, re\u00edrse y compartir\u201d.<\/p><\/blockquote>\n","protected":false},"excerpt":{"rendered":"<p>Juan Mart\u00edn Costa, Director General de Deporte Social y Desarrollo Deportivo del Gobierno de la Ciudad de Buenos Aires, dialog\u00f3 con #JotaPosta y desminti\u00f3 categ\u00f3ricamente los rumores que circularon en redes sobre la supuesta suspensi\u00f3n de actividades deportivas para ni\u00f1os con discapacidad, como la que se realiza en el Polideportivo de Parque Patricios. \u201cLa oferta &hellip;<\/p>\n","protected":false},"author":1,"featured_media":10462,"comment_status":"open","ping_status":"open","sticky":false,"template":"","format":"standard","meta":{"pagelayer_contact_templates":[],"_pagelayer_content":"","iawp_total_views":7,"footnotes":""},"categories":[16],"tags":[116,125,1090,1170,1175,1234,1323,1753,1755,1758,1762,1797,1953,2087,2570,2851,2905,3257,3260,3344,4406,4756,4984,5351,6537],"class_list":["post-10459","post","type-post","status-publish","format-standard","has-post-thumbnail","hentry","category-jp-entrevistas","tag-actividades-deportivas","tag-actividades-gratuitas","tag-chicos","tag-ciudad-de-buenos-aires","tag-clases-deportivas","tag-colonias-inclusivas","tag-comunidad-inclusiva","tag-deporte-accesible","tag-deporte-social","tag-deportes-adaptados","tag-deportes-gratuitos","tag-desarrollo-deportivo","tag-discapacidad","tag-educacion-fisica","tag-fake-news","tag-gcba","tag-gobierno-porteno","tag-inclusion","tag-inclusion-social","tag-integracion-2","tag-ninos-con-discapacidad","tag-parques-portenos","tag-polideportivos","tag-recreacion","tag-verano-inclusivo"],"_links":{"self":[{"href":"https:\/\/jotaposta.com.ar\/jposta\/wp-json\/wp\/v2\/posts\/10459","targetHints":{"allow":["GET"]}}],"collection":[{"href":"https:\/\/jotaposta.com.ar\/jposta\/wp-json\/wp\/v2\/posts"}],"about":[{"href":"https:\/\/jotaposta.com.ar\/jposta\/wp-json\/wp\/v2\/types\/post"}],"author":[{"embeddable":true,"href":"https:\/\/jotaposta.com.ar\/jposta\/wp-json\/wp\/v2\/users\/1"}],"replies":[{"embeddable":true,"href":"https:\/\/jotaposta.com.ar\/jposta\/wp-json\/wp\/v2\/comments?post=10459"}],"version-history":[{"count":0,"href":"https:\/\/jotaposta.com.ar\/jposta\/wp-json\/wp\/v2\/posts\/10459\/revisions"}],"wp:attachment":[{"href":"https:\/\/jotaposta.com.ar\/jposta\/wp-json\/wp\/v2\/media?parent=10459"}],"wp:term":[{"taxonomy":"category","embeddable":true,"href":"https:\/\/jotaposta.com.ar\/jposta\/wp-json\/wp\/v2\/categories?post=10459"},{"taxonomy":"post_tag","embeddable":true,"href":"https:\/\/jotaposta.com.ar\/jposta\/wp-json\/wp\/v2\/tags?post=10459"}],"curies":[{"name":"wp","href":"https:\/\/api.w.org\/{rel}","templated":true}]}}