{"id":10355,"date":"2025-05-28T01:08:52","date_gmt":"2025-05-28T04:08:52","guid":{"rendered":"https:\/\/www.jotaposta.com.ar\/?p=10355"},"modified":"2025-11-02T14:15:54","modified_gmt":"2025-11-02T14:15:54","slug":"villarruel-premia-a-un-exmilitar-que-intento-destruir-pruebas-de-la-dictadura","status":"publish","type":"post","link":"https:\/\/jotaposta.com.ar\/jposta\/2025\/05\/28\/villarruel-premia-a-un-exmilitar-que-intento-destruir-pruebas-de-la-dictadura\/","title":{"rendered":"Villarruel premia a un exmilitar que intent\u00f3 destruir pruebas de la dictadura"},"content":{"rendered":"\n<p class=\"wp-block-paragraph\">La vicepresidenta de la Naci\u00f3n y presidenta del Senado, Victoria Villarruel, oficializ\u00f3 en las \u00faltimas horas el nombramiento de Juan Manuel Gestoso Presas como subdirector general de Auditor\u00eda y Control de Gesti\u00f3n del Senado, mediante el decreto 0306\/25. El dato no pas\u00f3 desapercibido: Gestoso Presas es un exteniente coronel del Ej\u00e9rcito que fue investigado por intentar destruir documentaci\u00f3n clave relacionada con cr\u00edmenes de la \u00faltima dictadura militar.<\/p>\n\n\n\n<figure class=\"wp-block-image\"><img decoding=\"async\" src=\"https:\/\/media.minutouno.com\/p\/1c8fee6b6786d612e0b07ea0d3e730ab\/adjuntos\/150\/imagenes\/042\/312\/0042312662\/victoria-villarruel-acto-malvinas.jpg\" alt=\"Victoria Villarruel design\u00f3 en el Senado a un exmilitar involucrado en  delitos de lesa humanidad\"\/><\/figure>\n\n\n\n<p class=\"wp-block-paragraph\">Seg\u00fan pudo saber JotaPosta, el decreto circul\u00f3 con car\u00e1cter reservado en los d\u00edas previos a su formalizaci\u00f3n. Gestoso Presas asumir\u00e1 el cargo el pr\u00f3ximo 1 de junio, en una designaci\u00f3n que ya genera pol\u00e9mica por los antecedentes del funcionario.<\/p>\n\n\n\n<h3 class=\"wp-block-heading\">El episodio que lo marc\u00f3<\/h3>\n\n\n\n<p class=\"wp-block-paragraph\">Gestoso Presas cobr\u00f3 notoriedad en 2008, cuando orden\u00f3 la destrucci\u00f3n de dos libros de guardia del Hospital Militar de Salta que registraban nacimientos entre 1972 y 1997, un per\u00edodo clave para las investigaciones sobre apropiaci\u00f3n de menores y delitos de lesa humanidad. El intento de quema fue frenado por el entonces capit\u00e1n Silvio Manino Leal, quien desobedeci\u00f3 la orden, preserv\u00f3 los libros y los entreg\u00f3 al Ministerio de Defensa, lo que deriv\u00f3 en una denuncia penal.<\/p>\n\n\n\n<p class=\"wp-block-paragraph\">En aquel entonces, el hecho provoc\u00f3 revuelo pol\u00edtico y llev\u00f3 a la entonces ministra de Defensa, Nilda Garr\u00e9, a pasar a disponibilidad a Gestoso Presas y otros oficiales implicados.<\/p>\n\n\n\n<h3 class=\"wp-block-heading\">Causa judicial<\/h3>\n\n\n\n<p class=\"wp-block-paragraph\">La causa avanz\u00f3 en la justicia federal de Salta. Aunque la Fiscal\u00eda sostuvo que se trataba de un intento de encubrimiento de cr\u00edmenes del terrorismo de Estado, el tribunal entendi\u00f3 que los delitos imputados eran comunes y no de lesa humanidad, por lo que hab\u00edan prescripto. En 2014, tanto Gestoso Presas como otros imputados fueron sobrese\u00eddos.<\/p>\n\n\n\n<figure class=\"wp-block-image\"><img decoding=\"async\" src=\"https:\/\/www.jotaposta.com.ar\/wp-content\/uploads\/2025\/05\/image-19-1024x706.png\" alt=\"\" class=\"wp-image-10356\"\/><\/figure>\n\n\n\n<h3 class=\"wp-block-heading\">Un perfil alineado<\/h3>\n\n\n\n<p class=\"wp-block-paragraph\">El nombramiento de un exmilitar con estos antecedentes no resulta sorprendente dentro de una l\u00ednea pol\u00edtica que, desde el inicio de la gesti\u00f3n de Javier Milei y especialmente con Villarruel en el Senado, viene impulsando una revisi\u00f3n del enfoque estatal sobre la memoria, la verdad y la justicia. La vicepresidenta ha expresado en m\u00faltiples oportunidades su postura cr\u00edtica frente a los juicios por delitos de lesa humanidad y su reivindicaci\u00f3n del accionar militar durante los a\u00f1os setenta.<\/p>\n\n\n\n<p class=\"wp-block-paragraph\">La llegada de Gestoso Presas a un cargo de control interno en el Senado refuerza ese posicionamiento y abre interrogantes sobre la orientaci\u00f3n que adoptar\u00e1 esa instituci\u00f3n en temas de transparencia y gesti\u00f3n.<\/p>\n","protected":false},"excerpt":{"rendered":"<p>La vicepresidenta de la Naci\u00f3n y presidenta del Senado, Victoria Villarruel, oficializ\u00f3 en las \u00faltimas horas el nombramiento de Juan Manuel Gestoso Presas como subdirector general de Auditor\u00eda y Control de Gesti\u00f3n del Senado, mediante el decreto 0306\/25. El dato no pas\u00f3 desapercibido: Gestoso Presas es un exteniente coronel del Ej\u00e9rcito que fue investigado por &hellip;<\/p>\n","protected":false},"author":1,"featured_media":10357,"comment_status":"open","ping_status":"open","sticky":false,"template":"","format":"standard","meta":{"pagelayer_contact_templates":[],"_pagelayer_content":"","iawp_total_views":4,"footnotes":""},"categories":[4,25],"tags":[382,393,394,524,1504,1724,1818,1906,2509,2882,3140,3359,3439,3544,3674,4058,4982,5777,6597,6635],"class_list":["post-10355","post","type-post","status-publish","format-standard","has-post-thumbnail","hentry","category-actualidad-politica","category-resumen-de-noticias","tag-apropiacion-de-menores","tag-archivos","tag-archivos-quemados","tag-auditoria-senado","tag-crimenes-de-estado","tag-decreto-0306-25","tag-designacion","tag-dictadura","tag-exmilitar","tag-gestoso-presas","tag-hospital-militar-salta","tag-intento-de-encubrimiento","tag-javier-milei","tag-juicios-militares","tag-lesa-humanidad","tag-memoria-verdad-justicia","tag-polemico-nombramiento","tag-senado","tag-victoria-villarruel","tag-villarruel"],"_links":{"self":[{"href":"https:\/\/jotaposta.com.ar\/jposta\/wp-json\/wp\/v2\/posts\/10355","targetHints":{"allow":["GET"]}}],"collection":[{"href":"https:\/\/jotaposta.com.ar\/jposta\/wp-json\/wp\/v2\/posts"}],"about":[{"href":"https:\/\/jotaposta.com.ar\/jposta\/wp-json\/wp\/v2\/types\/post"}],"author":[{"embeddable":true,"href":"https:\/\/jotaposta.com.ar\/jposta\/wp-json\/wp\/v2\/users\/1"}],"replies":[{"embeddable":true,"href":"https:\/\/jotaposta.com.ar\/jposta\/wp-json\/wp\/v2\/comments?post=10355"}],"version-history":[{"count":1,"href":"https:\/\/jotaposta.com.ar\/jposta\/wp-json\/wp\/v2\/posts\/10355\/revisions"}],"predecessor-version":[{"id":12431,"href":"https:\/\/jotaposta.com.ar\/jposta\/wp-json\/wp\/v2\/posts\/10355\/revisions\/12431"}],"wp:attachment":[{"href":"https:\/\/jotaposta.com.ar\/jposta\/wp-json\/wp\/v2\/media?parent=10355"}],"wp:term":[{"taxonomy":"category","embeddable":true,"href":"https:\/\/jotaposta.com.ar\/jposta\/wp-json\/wp\/v2\/categories?post=10355"},{"taxonomy":"post_tag","embeddable":true,"href":"https:\/\/jotaposta.com.ar\/jposta\/wp-json\/wp\/v2\/tags?post=10355"}],"curies":[{"name":"wp","href":"https:\/\/api.w.org\/{rel}","templated":true}]}}