{"id":10218,"date":"2025-05-20T14:07:27","date_gmt":"2025-05-20T17:07:27","guid":{"rendered":"https:\/\/www.jotapostaok.com.ar\/?p=10218"},"modified":"2025-05-20T14:07:27","modified_gmt":"2025-05-20T17:07:27","slug":"ritondo-respondio-a-adorni-sobre-sumarse-a-la-lla","status":"publish","type":"post","link":"https:\/\/jotaposta.com.ar\/jposta\/2025\/05\/20\/ritondo-respondio-a-adorni-sobre-sumarse-a-la-lla\/","title":{"rendered":"Ritondo respondi\u00f3 a Adorni sobre sumarse a la LLA"},"content":{"rendered":"\n<p class=\"wp-block-paragraph\"><strong>Cristian Ritondo<\/strong>, diputado nacional y presidente del\u00a0<strong>PRO<\/strong>\u00a0en la provincia de Buenos Aires, se refiri\u00f3 en la\u00a0Summit 2025 de AmCham\u00a0a la fricci\u00f3n que hubo con\u00a0<strong>La Libertad Avanza (LLA)<\/strong>\u00a0en las elecciones legislativas entre\u00a0<strong>Mauricio Macri<\/strong>,\u00a0<strong>Sylvia Lospennato<\/strong>\u00a0y el presidente\u00a0<strong>Javier Milei<\/strong>\u00a0y asegur\u00f3 que \u201ccon las tensiones que pasan en campa\u00f1a hacemos tabula rasa\u201d.<\/p>\n\n\n\n<figure class=\"wp-block-image\"><img decoding=\"async\" src=\"https:\/\/www.jotaposta.com.ar\/wp-content\/uploads\/2025\/05\/image-3-1024x682.png\" alt=\"\" class=\"wp-image-10219\"\/><\/figure>\n\n\n\n<p class=\"wp-block-paragraph\">En la misma l\u00ednea, y en una improvisada conferencia de prensa que dio entre los periodistas que se encuentran en el evento de&nbsp;<strong>AmCham Argentina<\/strong>&nbsp;(C\u00e1mara de Comercio de los Estados Unidos en nuestro pa\u00eds), manifest\u00f3 que su espacio&nbsp;<em>\u201cno qued\u00f3 debilitado\u201d&nbsp;<\/em>y que no considera que el oficialismo quiera sumar miembros a LLA.<\/p>\n\n\n\n<p class=\"wp-block-paragraph\"><em>\u201cEl PRO no qued\u00f3 debilitado. Creo que la fortaleza que tenemos (con el Gobierno Nacional) es que compartimos una visi\u00f3n de pa\u00eds y de la Argentina que queremos\u201d,&nbsp;<\/em>expres\u00f3<em>.<\/em><\/p>\n\n\n\n<p class=\"wp-block-paragraph\">Por otra parte, tambi\u00e9n se refiri\u00f3 al ex presidente de la Naci\u00f3n y actual titular del espacio, Mauricio Macri y asegur\u00f3 que el ex mandatario \u201cquiere que sigan trabajando en una alianza con LLA\u201d para las pr\u00f3ximas elecciones en la provincia de Buenos Aires: \u201cLo mejor que le puede pasar a los bonaerenses es que vayamos juntos\u201d, expres\u00f3.<\/p>\n\n\n\n<p class=\"wp-block-paragraph\">D\u00edas atr\u00e1s, Macri advirti\u00f3 que ser\u00eda&nbsp;<em>&#8220;una cat\u00e1strofe&#8221;<\/em>&nbsp;si el kirchnerismo vuelve a ganar en la provincia de Buenos Aires.<\/p>\n\n\n\n<p class=\"wp-block-paragraph\"><em>\u201cMauricio Macri es un ex presidente que ha trabajado mucho este \u00faltimo a\u00f1o y medio para apoyar las medidas del Gobierno Nacional y eso es hist\u00f3rico porque nunca, ning\u00fan presidente de un partido apoy\u00f3 el gobierno de otra fuerza<\/em>\u201d, concluy\u00f3.<\/p>\n","protected":false},"excerpt":{"rendered":"<p>Cristian Ritondo, diputado nacional y presidente del\u00a0PRO\u00a0en la provincia de Buenos Aires, se refiri\u00f3 en la\u00a0Summit 2025 de AmCham\u00a0a la fricci\u00f3n que hubo con\u00a0La Libertad Avanza (LLA)\u00a0en las elecciones legislativas entre\u00a0Mauricio Macri,\u00a0Sylvia Lospennato\u00a0y el presidente\u00a0Javier Milei\u00a0y asegur\u00f3 que \u201ccon las tensiones que pasan en campa\u00f1a hacemos tabula rasa\u201d. En la misma l\u00ednea, y en una &hellip;<\/p>\n","protected":false},"author":1,"featured_media":8440,"comment_status":"open","ping_status":"open","sticky":false,"template":"","format":"standard","meta":{"pagelayer_contact_templates":[],"_pagelayer_content":"","iawp_total_views":5,"footnotes":""},"categories":[4],"tags":[],"class_list":["post-10218","post","type-post","status-publish","format-standard","has-post-thumbnail","hentry","category-actualidad-politica"],"_links":{"self":[{"href":"https:\/\/jotaposta.com.ar\/jposta\/wp-json\/wp\/v2\/posts\/10218","targetHints":{"allow":["GET"]}}],"collection":[{"href":"https:\/\/jotaposta.com.ar\/jposta\/wp-json\/wp\/v2\/posts"}],"about":[{"href":"https:\/\/jotaposta.com.ar\/jposta\/wp-json\/wp\/v2\/types\/post"}],"author":[{"embeddable":true,"href":"https:\/\/jotaposta.com.ar\/jposta\/wp-json\/wp\/v2\/users\/1"}],"replies":[{"embeddable":true,"href":"https:\/\/jotaposta.com.ar\/jposta\/wp-json\/wp\/v2\/comments?post=10218"}],"version-history":[{"count":0,"href":"https:\/\/jotaposta.com.ar\/jposta\/wp-json\/wp\/v2\/posts\/10218\/revisions"}],"wp:attachment":[{"href":"https:\/\/jotaposta.com.ar\/jposta\/wp-json\/wp\/v2\/media?parent=10218"}],"wp:term":[{"taxonomy":"category","embeddable":true,"href":"https:\/\/jotaposta.com.ar\/jposta\/wp-json\/wp\/v2\/categories?post=10218"},{"taxonomy":"post_tag","embeddable":true,"href":"https:\/\/jotaposta.com.ar\/jposta\/wp-json\/wp\/v2\/tags?post=10218"}],"curies":[{"name":"wp","href":"https:\/\/api.w.org\/{rel}","templated":true}]}}