{"id":10209,"date":"2025-05-20T13:54:47","date_gmt":"2025-05-20T16:54:47","guid":{"rendered":"https:\/\/www.jotapostaok.com.ar\/?p=10209"},"modified":"2026-01-18T12:44:41","modified_gmt":"2026-01-18T12:44:41","slug":"el-pro-va-a-seguir-existiendo","status":"publish","type":"post","link":"https:\/\/jotaposta.com.ar\/jposta\/2025\/05\/20\/el-pro-va-a-seguir-existiendo\/","title":{"rendered":"&quot;El PRO va a seguir existiendo&quot;"},"content":{"rendered":"\n<p class=\"wp-block-paragraph\">En el marco del AmCham Summit 2025, el jefe de Gobierno porte\u00f1o, Jorge Macri, afirm\u00f3 que el PRO \u201cva a seguir existiendo\u201d, luego de la derrota en las elecciones legislativas de la Ciudad de Buenos Aires, donde se impuso La Libertad Avanza. Adem\u00e1s, reconoci\u00f3 que, ante la baja representatividad del oficialismo en la Legislatura porte\u00f1a, deber\u00e1 dialogar con otras fuerzas para poder gestionar.<\/p>\n\n\n\n<figure class=\"wp-block-image\"><img decoding=\"async\" src=\"https:\/\/www.jotaposta.com.ar\/wp-content\/uploads\/2025\/05\/Jmacri-1024x576.jpg\" alt=\"\" class=\"wp-image-10211\"\/><\/figure>\n\n\n\n<p class=\"wp-block-paragraph\">\u201cEl PRO es una fuerza pol\u00edtica que va a seguir existiendo. Hemos superado otras derrotas, como la de 2019, que fue dif\u00edcil. Tenemos que aprender, desafiarnos, generar nuevos liderazgos como hicimos con Silvia (Lospennato)\u201d, sostuvo ante la prensa en el ingreso al evento organizado por la C\u00e1mara de Comercio de Estados Unidos en Argentina.<\/p>\n\n\n\n<p class=\"wp-block-paragraph\">Consultado sobre una eventual alianza con La Libertad Avanza en la provincia de Buenos Aires, evit\u00f3 dar definiciones concretas: \u201cFalta un mont\u00f3n para octubre. A pocos d\u00edas de una elecci\u00f3n, uno no puede tomar definiciones absolutas\u201d.<\/p>\n\n\n\n<p class=\"wp-block-paragraph\">Desde el Centro de Convenciones de Buenos Aires, Macri insisti\u00f3 en que el PRO tiene una mirada valiosa que acompa\u00f1a el camino iniciado por el presidente Javier Milei, aunque con matices en algunos temas.<\/p>\n\n\n\n<p class=\"wp-block-paragraph\">Tambi\u00e9n se\u00f1al\u00f3 que el resultado de los comicios porte\u00f1os arroj\u00f3 un \u201cmandato de cambio\u201d, con un claro respaldo al oficialismo nacional, y analiz\u00f3 el bajo nivel de participaci\u00f3n: \u201cMuy poca gente vot\u00f3, probablemente haya un tema de fondo, de estilo, de formas que no entusiasm\u00f3 a muchos\u201d.<\/p>\n\n\n\n<p class=\"wp-block-paragraph\">\u201cHay un claro mandato de mayor di\u00e1logo porque voy a tener que gobernar una Legislatura muy plural, pero me tengo confianza\u201d, remarc\u00f3, y agreg\u00f3: \u201cSoy un hombre de di\u00e1logo, que busca acuerdos. No necesitamos pensar todos iguales para lograr objetivos similares\u201d.<\/p>\n\n\n\n<p class=\"wp-block-paragraph\">Finalmente, pidi\u00f3 responsabilidad a todos los actores electos y aclar\u00f3 que no habr\u00e1 cambios en el Gabinete porte\u00f1o. Tambi\u00e9n inform\u00f3 que felicit\u00f3 en privado a Manuel Adorni (La Libertad Avanza) y Leandro Santoro (Es Ahora Buenos Aires) por los resultados en la Ciudad.<\/p>\n\n\n\n<p class=\"wp-block-paragraph\">Respecto a las cr\u00edticas de Javier Milei hacia Mauricio Macri, concluy\u00f3: \u201cNo voy a entrar en ese tipo de discusiones. Nadie le puede decir al otro qu\u00e9 tiene que hacer\u201d.<\/p>\n","protected":false},"excerpt":{"rendered":"<p>En el marco del AmCham Summit 2025, el jefe de Gobierno porte\u00f1o, Jorge Macri, afirm\u00f3 que el PRO \u201cva a seguir existiendo\u201d, luego de la derrota en las elecciones legislativas de la Ciudad de Buenos Aires, donde se impuso La Libertad Avanza. Adem\u00e1s, reconoci\u00f3 que, ante la baja representatividad del oficialismo en la Legislatura porte\u00f1a, &hellip;<\/p>\n","protected":false},"author":1,"featured_media":10210,"comment_status":"open","ping_status":"open","sticky":false,"template":"","format":"standard","meta":{"pagelayer_contact_templates":[],"_pagelayer_content":"","iawp_total_views":6,"footnotes":""},"categories":[25],"tags":[177,268,300,800,833,1786,1872,2150,2872,3458,3601,3666,3746,4008,4103,4582,4621,4985,5112,5708],"class_list":["post-10209","post","type-post","status-publish","format-standard","has-post-thumbnail","hentry","category-resumen-de-noticias","tag-adorni","tag-alianza","tag-amcham","tag-buenos-aires","tag-caba","tag-derrota","tag-dialogo","tag-elecciones","tag-gestion","tag-jorge-macri","tag-la-libertad-avanza","tag-legislatura","tag-liderazgo","tag-mauricio-macri","tag-milei","tag-oficialismo","tag-oposicion","tag-politica","tag-pro","tag-santoro"],"_links":{"self":[{"href":"https:\/\/jotaposta.com.ar\/jposta\/wp-json\/wp\/v2\/posts\/10209","targetHints":{"allow":["GET"]}}],"collection":[{"href":"https:\/\/jotaposta.com.ar\/jposta\/wp-json\/wp\/v2\/posts"}],"about":[{"href":"https:\/\/jotaposta.com.ar\/jposta\/wp-json\/wp\/v2\/types\/post"}],"author":[{"embeddable":true,"href":"https:\/\/jotaposta.com.ar\/jposta\/wp-json\/wp\/v2\/users\/1"}],"replies":[{"embeddable":true,"href":"https:\/\/jotaposta.com.ar\/jposta\/wp-json\/wp\/v2\/comments?post=10209"}],"version-history":[{"count":1,"href":"https:\/\/jotaposta.com.ar\/jposta\/wp-json\/wp\/v2\/posts\/10209\/revisions"}],"predecessor-version":[{"id":12487,"href":"https:\/\/jotaposta.com.ar\/jposta\/wp-json\/wp\/v2\/posts\/10209\/revisions\/12487"}],"wp:attachment":[{"href":"https:\/\/jotaposta.com.ar\/jposta\/wp-json\/wp\/v2\/media?parent=10209"}],"wp:term":[{"taxonomy":"category","embeddable":true,"href":"https:\/\/jotaposta.com.ar\/jposta\/wp-json\/wp\/v2\/categories?post=10209"},{"taxonomy":"post_tag","embeddable":true,"href":"https:\/\/jotaposta.com.ar\/jposta\/wp-json\/wp\/v2\/tags?post=10209"}],"curies":[{"name":"wp","href":"https:\/\/api.w.org\/{rel}","templated":true}]}}