{"id":10204,"date":"2025-05-20T13:50:08","date_gmt":"2025-05-20T16:50:08","guid":{"rendered":"https:\/\/www.jotapostaok.com.ar\/?p=10204"},"modified":"2026-01-18T12:44:41","modified_gmt":"2026-01-18T12:44:41","slug":"el-gobierno-analiza-ampliar-la-corte-suprema-de-justicia","status":"publish","type":"post","link":"https:\/\/jotaposta.com.ar\/jposta\/2025\/05\/20\/el-gobierno-analiza-ampliar-la-corte-suprema-de-justicia\/","title":{"rendered":"El Gobierno analiza ampliar la Corte Suprema de Justicia"},"content":{"rendered":"\n<p class=\"wp-block-paragraph\">El ministro de Justicia,&nbsp;<strong>Mariano C\u00faneo Libarona,<\/strong>&nbsp;asegur\u00f3 que&nbsp;<strong>est\u00e1 en estudio un proyecto de ampliaci\u00f3n de la Corte<\/strong>&nbsp;Suprema de Justicia a siete miembros.<\/p>\n\n\n\n<p class=\"wp-block-paragraph\">Al participar del evento de Amcham 2025, el funcionario nacional sostuvo que actualmente\u00a0<strong>el m\u00e1ximo tribunal \u201cse da ma\u00f1a\u201d para sacar fallos llamando a conjueces.<\/strong><\/p>\n\n\n\n<figure class=\"wp-block-image\"><img decoding=\"async\" src=\"https:\/\/www.jotaposta.com.ar\/wp-content\/uploads\/2025\/05\/image-2.png\" alt=\"\" class=\"wp-image-10205\"\/><\/figure>\n\n\n\n<p class=\"wp-block-paragraph\"><strong>\u201cLo ideal es que est\u00e9 la Corte completa. Se est\u00e1 estudiando (la ampliaci\u00f3n), hay un proyecto del senador (Juan Carlos) Romero pidiendo una ampliaci\u00f3n a siete jueces\u201d,<\/strong>&nbsp;subray\u00f3 C\u00faneo Libarona.<\/p>\n\n\n\n<p class=\"wp-block-paragraph\">A t\u00edtulo personal, se\u00f1al\u00f3: \u201c<strong>Yo hace mucho que digo que en mi opini\u00f3n acad\u00e9mica no es para descartarlo (agregar m\u00e1s miembros). Pero est\u00e1 en estudio&#8221;.<\/strong><\/p>\n\n\n\n<div class=\"wp-block-image\"><figure class=\"alignleft is-resized\"><img loading=\"lazy\" decoding=\"async\" src=\"https:\/\/encrypted-tbn0.gstatic.com\/images?q=tbn:ANd9GcTzBBiJMLXQLtMqNBa1OPIrFhKhef6JD4mLUQ&amp;s\" alt=\"La historia del origen de la Corte Suprema de Justicia - Infobae\" width=\"246\" height=\"184\"\/><\/figure><\/div>\n\n\n\n<p class=\"wp-block-paragraph\">Adem\u00e1s, el ministro de Justicia afirm\u00f3 que existen \u201c<strong>algunas resistencias de parte de los fiscales\u201d&nbsp;<\/strong>para la implementaci\u00f3n este a\u00f1o del nuevo sistema acusatorio.<\/p>\n\n\n\n<p class=\"wp-block-paragraph\">Al respecto, destac\u00f3 que con ese esquema se pueden dar \u201ccondenas en 48 horas\u201d.<\/p>\n\n\n\n<p class=\"wp-block-paragraph\">\u201cNunca hubo en este a\u00f1o y medio tanta independencia judicial como hay ahora\u201d, agreg\u00f3 el funcionario nacional.<\/p>\n","protected":false},"excerpt":{"rendered":"<p>El ministro de Justicia,&nbsp;Mariano C\u00faneo Libarona,&nbsp;asegur\u00f3 que&nbsp;est\u00e1 en estudio un proyecto de ampliaci\u00f3n de la Corte&nbsp;Suprema de Justicia a siete miembros. Al participar del evento de Amcham 2025, el funcionario nacional sostuvo que actualmente\u00a0el m\u00e1ximo tribunal \u201cse da ma\u00f1a\u201d para sacar fallos llamando a conjueces. \u201cLo ideal es que est\u00e9 la Corte completa. Se est\u00e1 &hellip;<\/p>\n","protected":false},"author":1,"featured_media":10206,"comment_status":"open","ping_status":"open","sticky":false,"template":"","format":"standard","meta":{"pagelayer_contact_templates":[],"_pagelayer_content":"","iawp_total_views":4,"footnotes":""},"categories":[25],"tags":[145,312,395,881,1382,1474,1704,1710,2896,3334,3499,3559,3956,4163,4440,4961,4985,5154,5182,5382],"class_list":["post-10204","post","type-post","status-publish","format-standard","has-post-thumbnail","hentry","category-resumen-de-noticias","tag-actualidad","tag-ampliacion","tag-argentina","tag-cambios","tag-congreso","tag-corte-suprema","tag-debate","tag-decision","tag-gobierno","tag-institucional","tag-jueces","tag-justicia","tag-mariano-cuneo-libarona","tag-ministros","tag-noticia-2","tag-poder-judicial","tag-politica","tag-propuesta","tag-proyecto","tag-reforma-judicial"],"_links":{"self":[{"href":"https:\/\/jotaposta.com.ar\/jposta\/wp-json\/wp\/v2\/posts\/10204","targetHints":{"allow":["GET"]}}],"collection":[{"href":"https:\/\/jotaposta.com.ar\/jposta\/wp-json\/wp\/v2\/posts"}],"about":[{"href":"https:\/\/jotaposta.com.ar\/jposta\/wp-json\/wp\/v2\/types\/post"}],"author":[{"embeddable":true,"href":"https:\/\/jotaposta.com.ar\/jposta\/wp-json\/wp\/v2\/users\/1"}],"replies":[{"embeddable":true,"href":"https:\/\/jotaposta.com.ar\/jposta\/wp-json\/wp\/v2\/comments?post=10204"}],"version-history":[{"count":1,"href":"https:\/\/jotaposta.com.ar\/jposta\/wp-json\/wp\/v2\/posts\/10204\/revisions"}],"predecessor-version":[{"id":12488,"href":"https:\/\/jotaposta.com.ar\/jposta\/wp-json\/wp\/v2\/posts\/10204\/revisions\/12488"}],"wp:attachment":[{"href":"https:\/\/jotaposta.com.ar\/jposta\/wp-json\/wp\/v2\/media?parent=10204"}],"wp:term":[{"taxonomy":"category","embeddable":true,"href":"https:\/\/jotaposta.com.ar\/jposta\/wp-json\/wp\/v2\/categories?post=10204"},{"taxonomy":"post_tag","embeddable":true,"href":"https:\/\/jotaposta.com.ar\/jposta\/wp-json\/wp\/v2\/tags?post=10204"}],"curies":[{"name":"wp","href":"https:\/\/api.w.org\/{rel}","templated":true}]}}