{"id":10042,"date":"2025-05-13T05:48:39","date_gmt":"2025-05-13T08:48:39","guid":{"rendered":"https:\/\/www.jotapostaok.com.ar\/?p=10042"},"modified":"2025-05-13T05:48:39","modified_gmt":"2025-05-13T08:48:39","slug":"gianinna-declarara-en-el-juicio-a-diego","status":"publish","type":"post","link":"https:\/\/jotaposta.com.ar\/jposta\/2025\/05\/13\/gianinna-declarara-en-el-juicio-a-diego\/","title":{"rendered":"Gianinna declarar\u00e1 en el Juicio a Diego"},"content":{"rendered":"\n<p><strong>Gianinna Maradona<\/strong>, una de las hijas de Diego,\u00a0<strong>declarar\u00e1 este martes en el juicio oral por la muerte del c\u00e9lebre futbolista.\u00a0<\/strong><\/p>\n\n\n\n<p>Mario Baudry, abogado de Ver\u00f3nica Ojeda y Dieguito Fernando, ex mujer y heredero del astro futbol\u00edstico, inform\u00f3 que la hermana menor de Dalma<strong>\u00a0&#8220;fue citada para las 10:30&#8221;\u00a0<\/strong>en el Tribunal Oral en lo Criminal N\u00b03 de San Isidro.<\/p>\n\n\n\n<p><strong>&#8220;Es probable que preste testimonio durante cuatro horas. Va a ser la \u00fanica que declare. Esperemos que cuente lo que vivi\u00f3&#8221;<\/strong>, consign\u00f3 el letrado.<\/p>\n\n\n\n<figure class=\"wp-block-image\"><img loading=\"lazy\" decoding=\"async\" width=\"1024\" height=\"575\" src=\"https:\/\/www.jotaposta.com.ar\/wp-content\/uploads\/2021\/06\/maradona-diego-cielo-rezo-1024x575.jpg\" alt=\"\" class=\"wp-image-7788\" srcset=\"https:\/\/jotaposta.com.ar\/jposta\/wp-content\/uploads\/2021\/06\/maradona-diego-cielo-rezo-1024x575.jpg 1024w, https:\/\/jotaposta.com.ar\/jposta\/wp-content\/uploads\/2021\/06\/maradona-diego-cielo-rezo-300x168.jpg 300w, https:\/\/jotaposta.com.ar\/jposta\/wp-content\/uploads\/2021\/06\/maradona-diego-cielo-rezo-768x431.jpg 768w, https:\/\/jotaposta.com.ar\/jposta\/wp-content\/uploads\/2021\/06\/maradona-diego-cielo-rezo-390x220.jpg 390w, https:\/\/jotaposta.com.ar\/jposta\/wp-content\/uploads\/2021\/06\/maradona-diego-cielo-rezo.jpg 1201w\" sizes=\"auto, (max-width: 1024px) 100vw, 1024px\" \/><\/figure>\n\n\n\n<p>Se trata de la tercera hija del &#8220;Diez&#8221; que comparecer\u00e1 ante los jueces Maximiliano Savarino, Julieta Makintach y Ver\u00f3nica Di Tomasso, luego de las declaraciones de Dalma y Jana Maradona.<\/p>\n\n\n\n<p>Adem\u00e1s, durante su testimonial se exhibir\u00e1 el audio completo de la reuni\u00f3n en la Cl\u00ednica Olivos, donde se decidi\u00f3 que el ex entrenador de Dorados de Sinaloa, Racing y Deportivo Mandiy\u00fa sea trasladado a la vivienda del barrio cerrado San Andr\u00e9s, en el partido bonaerense de Tigre.<\/p>\n\n\n\n<p>El neurocirujano&nbsp;<strong>Leopoldo Luque,<\/strong>&nbsp;la psiquiatra&nbsp;<strong>Agustina Cosachov<\/strong>, el m\u00e9dico cl\u00ednico&nbsp;<strong>Pedro Pablo Di Spagna<\/strong>, el enfermero&nbsp;<strong>Ricardo Omar Almir\u00f3n<\/strong>, el coordinador de enfermeros,&nbsp;<strong>Mariano Perroni<\/strong>, y la coordinadora de Swiss Medical,&nbsp;<strong>Nancy Edith Forlini<\/strong>, se encuentran acusados por el delito de homicidio simple con dolo eventual, un il\u00edcito que prev\u00e9 una pena que va de ocho a 25 a\u00f1os de c\u00e1rcel.<\/p>\n\n\n\n<p>Por su parte, la enfermera Dahiana Gisela Madrid afrontar\u00e1 un juicio por jurados populares.<\/p>\n","protected":false},"excerpt":{"rendered":"<p>Gianinna Maradona, una de las hijas de Diego,\u00a0declarar\u00e1 este martes en el juicio oral por la muerte del c\u00e9lebre futbolista.\u00a0 Mario Baudry, abogado de Ver\u00f3nica Ojeda y Dieguito Fernando, ex mujer y heredero del astro futbol\u00edstico, inform\u00f3 que la hermana menor de Dalma\u00a0&#8220;fue citada para las 10:30&#8221;\u00a0en el Tribunal Oral en lo Criminal N\u00b03 de &hellip;<\/p>\n","protected":false},"author":1,"featured_media":7709,"comment_status":"open","ping_status":"open","sticky":false,"template":"","format":"standard","meta":{"pagelayer_contact_templates":[],"_pagelayer_content":"","iawp_total_views":0,"footnotes":""},"categories":[4,25],"tags":[],"class_list":["post-10042","post","type-post","status-publish","format-standard","has-post-thumbnail","hentry","category-actualidad-politica","category-resumen-de-noticias"],"_links":{"self":[{"href":"https:\/\/jotaposta.com.ar\/jposta\/wp-json\/wp\/v2\/posts\/10042","targetHints":{"allow":["GET"]}}],"collection":[{"href":"https:\/\/jotaposta.com.ar\/jposta\/wp-json\/wp\/v2\/posts"}],"about":[{"href":"https:\/\/jotaposta.com.ar\/jposta\/wp-json\/wp\/v2\/types\/post"}],"author":[{"embeddable":true,"href":"https:\/\/jotaposta.com.ar\/jposta\/wp-json\/wp\/v2\/users\/1"}],"replies":[{"embeddable":true,"href":"https:\/\/jotaposta.com.ar\/jposta\/wp-json\/wp\/v2\/comments?post=10042"}],"version-history":[{"count":0,"href":"https:\/\/jotaposta.com.ar\/jposta\/wp-json\/wp\/v2\/posts\/10042\/revisions"}],"wp:featuredmedia":[{"embeddable":true,"href":"https:\/\/jotaposta.com.ar\/jposta\/wp-json\/wp\/v2\/media\/7709"}],"wp:attachment":[{"href":"https:\/\/jotaposta.com.ar\/jposta\/wp-json\/wp\/v2\/media?parent=10042"}],"wp:term":[{"taxonomy":"category","embeddable":true,"href":"https:\/\/jotaposta.com.ar\/jposta\/wp-json\/wp\/v2\/categories?post=10042"},{"taxonomy":"post_tag","embeddable":true,"href":"https:\/\/jotaposta.com.ar\/jposta\/wp-json\/wp\/v2\/tags?post=10042"}],"curies":[{"name":"wp","href":"https:\/\/api.w.org\/{rel}","templated":true}]}}